{"id":33047,"date":"2021-12-06T11:32:00","date_gmt":"2021-12-06T17:32:00","guid":{"rendered":"https:\/\/nvnoticias.mx\/?p=33047"},"modified":"2021-12-06T11:36:37","modified_gmt":"2021-12-06T17:36:37","slug":"pide-amlo-a-la-prensa-no-caer-en-grilla-de-partidos","status":"publish","type":"post","link":"https:\/\/nvnoticias.mx\/index.php\/2021\/12\/06\/pide-amlo-a-la-prensa-no-caer-en-grilla-de-partidos\/","title":{"rendered":"Pide AMLO a la prensa no caer en \u201cgrilla\u201d de partidos"},"content":{"rendered":"\n<p>El presidente Andr\u00e9s Manuel L\u00f3pez Obrador (AMLO) hizo un llamado a \u201cno caer en grilla\u201d durante el periodo de elecciones estatales.<\/p>\n\n\n\n<blockquote class=\"wp-block-quote is-layout-flow wp-block-quote-is-layout-flow\"><p>\u201cAprovecho para decir que en esta temporada (\u2026) siempre hay lo que se conoce como grilla. Ustedes tengan cuidado para que los competidores no utilicen el espacio para hablar mal de sus rivales o adversarios\u201d.<\/p><\/blockquote>\n\n\n\n<p>El comentario surgi\u00f3 luego que el mandatario fuera cuestionado por la controversia de Julio Menchaca, senador de Morena , quien contrat\u00f3 un taxi a\u00e9reo para asistir a la toma de protesta del gobernador de Sinaloa, Rub\u00e9n Rocha Moya.<\/p>\n\n\n\n<p>Ante ello, L\u00f3pez Obrador asegur\u00f3 \u201cno tener informaci\u00f3n al respecto\u201d, sin embargo, exhort\u00f3 a presentar una denuncia formal ante la Fiscal\u00eda en caso de detectarse cualquier una irregularidad: \u201cSi hay una ilegalidad, que se presente una denuncia\u201d, coment\u00f3 en la ma\u00f1anera de este lunes.<\/p>\n\n\n\n<p>Fue a trav\u00e9s de un video que circul\u00f3 en&nbsp;redes sociales&nbsp;en el que Menchaca fues cuestionado cobre el viaje privado, pero el legislador sostuvo que desde su punto de vista,&nbsp;no se deber\u00eda de satanizar<\/p>\n\n\n\n<p>Explic\u00f3 que al evento asisti\u00f3 tambi\u00e9n un grupo de amigos, por lo que le dieron \u201cride\u201d desde Pachuca, Hidalgo, incluso se burl\u00f3 de la confusi\u00f3n que tuvo con la palabra \u201csatanizar\u201d y \u201csanitizar\u201d: \u201cNo hay que sanitizar \u00bfsanitizar? \u00a1Satanaziar\u201d con el tema de la pandemia, unos sanitizan, otros satanizan.\u201d<\/p>\n\n\n\n<p>Asimismo, mencion\u00f3 que hay senadores quienes tienen alg\u00fan&nbsp;jet privado&nbsp;como resultado de su esfuerzo, pues adem\u00e1s de ser legisladores, son&nbsp;empresarios progresistas&nbsp;que han apoyado a AMLO.<\/p>\n\n\n\n<blockquote class=\"wp-block-quote is-layout-flow wp-block-quote-is-layout-flow\"><p>\u201cMalo la utilizaci\u00f3n de los recursos p\u00fablicos, el que se desv\u00ede dinero para hacer cosas que no corresponden, pero cuando corresponden al patrimonio personal es muy respetable quien quiera hacer uso que disponga para su beneficio personal o familiar\u201d, asever\u00f3.<\/p><\/blockquote>\n\n\n\n<p>Fuente: Infobae<\/p>\n","protected":false},"excerpt":{"rendered":"<p>El presidente Andr\u00e9s Manuel L\u00f3pez Obrador (AMLO) hizo un llamado a \u201cno caer en grilla\u201d durante el periodo de elecciones estatales. \u201cAprovecho para decir que en esta temporada (\u2026) siempre hay lo que se conoce como grilla. Ustedes tengan cuidado para que los competidores no utilicen el espacio para hablar mal de sus rivales o [&hellip;]<\/p>\n","protected":false},"author":6,"featured_media":32731,"comment_status":"open","ping_status":"open","sticky":false,"template":"","format":"standard","meta":{"_monsterinsights_skip_tracking":false,"_monsterinsights_sitenote_active":false,"_monsterinsights_sitenote_note":"","_monsterinsights_sitenote_category":0,"footnotes":""},"categories":[158],"tags":[7684,3219],"class_list":["post-33047","post","type-post","status-publish","format-standard","has-post-thumbnail","hentry","category-politica","tag-grilla","tag-partidos-politicos","wp-image-borders"],"amp_enabled":true,"_links":{"self":[{"href":"https:\/\/nvnoticias.mx\/index.php\/wp-json\/wp\/v2\/posts\/33047","targetHints":{"allow":["GET"]}}],"collection":[{"href":"https:\/\/nvnoticias.mx\/index.php\/wp-json\/wp\/v2\/posts"}],"about":[{"href":"https:\/\/nvnoticias.mx\/index.php\/wp-json\/wp\/v2\/types\/post"}],"author":[{"embeddable":true,"href":"https:\/\/nvnoticias.mx\/index.php\/wp-json\/wp\/v2\/users\/6"}],"replies":[{"embeddable":true,"href":"https:\/\/nvnoticias.mx\/index.php\/wp-json\/wp\/v2\/comments?post=33047"}],"version-history":[{"count":2,"href":"https:\/\/nvnoticias.mx\/index.php\/wp-json\/wp\/v2\/posts\/33047\/revisions"}],"predecessor-version":[{"id":33050,"href":"https:\/\/nvnoticias.mx\/index.php\/wp-json\/wp\/v2\/posts\/33047\/revisions\/33050"}],"wp:featuredmedia":[{"embeddable":true,"href":"https:\/\/nvnoticias.mx\/index.php\/wp-json\/wp\/v2\/media\/32731"}],"wp:attachment":[{"href":"https:\/\/nvnoticias.mx\/index.php\/wp-json\/wp\/v2\/media?parent=33047"}],"wp:term":[{"taxonomy":"category","embeddable":true,"href":"https:\/\/nvnoticias.mx\/index.php\/wp-json\/wp\/v2\/categories?post=33047"},{"taxonomy":"post_tag","embeddable":true,"href":"https:\/\/nvnoticias.mx\/index.php\/wp-json\/wp\/v2\/tags?post=33047"}],"curies":[{"name":"wp","href":"https:\/\/api.w.org\/{rel}","templated":true}]}}