{"id":33026,"date":"2021-12-06T10:38:06","date_gmt":"2021-12-06T16:38:06","guid":{"rendered":"https:\/\/nvnoticias.mx\/?p=33026"},"modified":"2021-12-06T10:38:07","modified_gmt":"2021-12-06T16:38:07","slug":"mexicanos-estan-hartos-de-inseguridad-afirma-lider-social","status":"publish","type":"post","link":"https:\/\/nvnoticias.mx\/index.php\/2021\/12\/06\/mexicanos-estan-hartos-de-inseguridad-afirma-lider-social\/","title":{"rendered":"Mexicanos est\u00e1n hartos de inseguridad, afirma l\u00edder social"},"content":{"rendered":"\n<p><strong>Sam Ojeda | NV Noticias<\/strong>&nbsp;<\/p>\n\n\n\n<p>Xalapa. &#8211;&nbsp;Los mexicanos est\u00e1n \u201chasta la madre\u201d de tener un gobierno federal que no tiene un plan estructurado para combatir a la inseguridad que se vive en el pa\u00eds, se\u00f1al\u00f3 el representante pol\u00edtico nacional del Movimiento popular \u201cFrancisco Villa\u201d, Arnulfo Reyes alias \u201cEl Vaquero\u201d.&nbsp;<\/p>\n\n\n\n<p>En conferencia de prensa, dijo que es claro que el presidente Andr\u00e9s Manuel L\u00f3pez Obrador no ha sabido responder a la grave inseguridad que se vive en el pa\u00eds y que en el caso de Veracruz la situaci\u00f3n es la misma.&nbsp;&nbsp;<\/p>\n\n\n\n<blockquote class=\"wp-block-quote is-layout-flow wp-block-quote-is-layout-flow\"><p>\u201cEl pueblo est\u00e1 hasta la madre de los pol\u00edticos, de promesas, de las conferencias mentirosas del\u00a0Presidente. Creemos que con base en mentiras no se puede crear un Gobierno. En Veracruz no hay proyecto de seguridad\u201d.\u00a0<\/p><\/blockquote>\n\n\n\n<p>Asegur\u00f3 que la inseguridad en el estado y en el pa\u00eds es una constante que no ha bajado y que a pesar de ellos el&nbsp;Presidente&nbsp;en su conferencia ma\u00f1anera afirma que se&nbsp;ha superado&nbsp;la inseguridad en el pa\u00eds. &nbsp;&nbsp;<\/p>\n\n\n\n<blockquote class=\"wp-block-quote is-layout-flow wp-block-quote-is-layout-flow\"><p>\u201cEstamos hasta la madre de que haya feminicidios. El\u00a0Presidente\u00a0est\u00e1 incapacitado para poder seguir y todav\u00eda quiere consultar su mandato\u201d.\u00a0<\/p><\/blockquote>\n\n\n\n<p>Sin embargo, consider\u00f3 que la consulta sobre la revocaci\u00f3n de mandato del&nbsp;Presidente&nbsp;no es m\u00e1s que \u201cuna cortina de humo\u201d para evitar que la gente se d\u00e9 cuenta del estado del pa\u00eds, y vaticin\u00f3 que los ciudadanos no salgan a manifestar su opini\u00f3n.&nbsp;&nbsp;<\/p>\n\n\n\n<blockquote class=\"wp-block-quote is-layout-flow wp-block-quote-is-layout-flow\"><p>\u201cLa gente no va a salir a votar por la revocaci\u00f3n de mandato, es una cortina adem\u00e1s humo para que el pueblo no se d\u00e9 cuenta que nuestro pa\u00eds se est\u00e1 yendo al hoyo, en seguridad, salud, educaci\u00f3n, transporte\u201d.\u00a0<\/p><\/blockquote>\n","protected":false},"excerpt":{"rendered":"<p>Sam Ojeda | NV Noticias&nbsp; Xalapa. &#8211;&nbsp;Los mexicanos est\u00e1n \u201chasta la madre\u201d de tener un gobierno federal que no tiene un plan estructurado para combatir a la inseguridad que se vive en el pa\u00eds, se\u00f1al\u00f3 el representante pol\u00edtico nacional del Movimiento popular \u201cFrancisco Villa\u201d, Arnulfo Reyes alias \u201cEl Vaquero\u201d.&nbsp; En conferencia de prensa, dijo que [&hellip;]<\/p>\n","protected":false},"author":6,"featured_media":33027,"comment_status":"open","ping_status":"open","sticky":false,"template":"","format":"standard","meta":{"_monsterinsights_skip_tracking":false,"_monsterinsights_sitenote_active":false,"_monsterinsights_sitenote_note":"","_monsterinsights_sitenote_category":0,"footnotes":""},"categories":[156],"tags":[7683,257],"class_list":["post-33026","post","type-post","status-publish","format-standard","has-post-thumbnail","hentry","category-estado","tag-lider-social","tag-mexicanos","wp-image-borders"],"amp_enabled":true,"_links":{"self":[{"href":"https:\/\/nvnoticias.mx\/index.php\/wp-json\/wp\/v2\/posts\/33026","targetHints":{"allow":["GET"]}}],"collection":[{"href":"https:\/\/nvnoticias.mx\/index.php\/wp-json\/wp\/v2\/posts"}],"about":[{"href":"https:\/\/nvnoticias.mx\/index.php\/wp-json\/wp\/v2\/types\/post"}],"author":[{"embeddable":true,"href":"https:\/\/nvnoticias.mx\/index.php\/wp-json\/wp\/v2\/users\/6"}],"replies":[{"embeddable":true,"href":"https:\/\/nvnoticias.mx\/index.php\/wp-json\/wp\/v2\/comments?post=33026"}],"version-history":[{"count":1,"href":"https:\/\/nvnoticias.mx\/index.php\/wp-json\/wp\/v2\/posts\/33026\/revisions"}],"predecessor-version":[{"id":33028,"href":"https:\/\/nvnoticias.mx\/index.php\/wp-json\/wp\/v2\/posts\/33026\/revisions\/33028"}],"wp:featuredmedia":[{"embeddable":true,"href":"https:\/\/nvnoticias.mx\/index.php\/wp-json\/wp\/v2\/media\/33027"}],"wp:attachment":[{"href":"https:\/\/nvnoticias.mx\/index.php\/wp-json\/wp\/v2\/media?parent=33026"}],"wp:term":[{"taxonomy":"category","embeddable":true,"href":"https:\/\/nvnoticias.mx\/index.php\/wp-json\/wp\/v2\/categories?post=33026"},{"taxonomy":"post_tag","embeddable":true,"href":"https:\/\/nvnoticias.mx\/index.php\/wp-json\/wp\/v2\/tags?post=33026"}],"curies":[{"name":"wp","href":"https:\/\/api.w.org\/{rel}","templated":true}]}}