{"id":33023,"date":"2021-12-06T10:32:27","date_gmt":"2021-12-06T16:32:27","guid":{"rendered":"https:\/\/nvnoticias.mx\/?p=33023"},"modified":"2021-12-06T10:32:28","modified_gmt":"2021-12-06T16:32:28","slug":"dos-modelos-bajo-la-mira","status":"publish","type":"post","link":"https:\/\/nvnoticias.mx\/index.php\/2021\/12\/06\/dos-modelos-bajo-la-mira\/","title":{"rendered":"Dos modelos bajo la mira"},"content":{"rendered":"\n<p><strong>Edgard Gonz\u00e1lez Su\u00e1rez<\/strong><\/p>\n\n\n\n<p>El pa\u00eds se enfrenta a dos grandes modelos de gesti\u00f3n econ\u00f3mica y dos modelos de gesti\u00f3n pol\u00edtica. A la mayor\u00eda de la gente le debe de quedar claro, que la conducci\u00f3n de un pa\u00eds necesita de esas dos grandes herramientas con las que el Estado intenta mantener a flote y en desarrollo a una naci\u00f3n. No hay econom\u00eda sin pol\u00edtica y no hay pol\u00edtica sin econom\u00eda.\u00a0<\/p>\n\n\n\n<p>La tercera gran herramienta con que cuenta el Estado es el conjunto de creencias, sentimientos y aspiraciones, con que la mayor\u00eda de los ciudadanos de una Naci\u00f3n respalda, promueve y defiende el proyecto de llegada que un gobierno se ha propuesto para su pa\u00eds.&nbsp;<\/p>\n\n\n\n<p>Tenemos entonces: econom\u00eda, pol\u00edtica y un sistema de creencias colectivas.&nbsp;<\/p>\n\n\n\n<p>En el campo de lo econ\u00f3mico, en el mundo, el neoliberalismo dogm\u00e1tico se ha venido resquebrajando, y de hecho se agot\u00f3. La idea de que los \u00edndices de crecimiento, competitividad internacional y la concentraci\u00f3n de la riqueza de un pa\u00eds, lo hacen m\u00e1s justo, m\u00e1s libre y m\u00e1s desarrollado, perdi\u00f3 vigencia y actualidad desde inicios del Siglo XXI. Todas las grandes reformas en este sentido se hicieron en los \u00faltimos 20 a\u00f1os del siglo XX, la reforma financiera y bancaria, la reforma a la propiedad agraria, la reforma laboral, el Tratado de Libre Comercio, entre las m\u00e1s estrat\u00e9gicas e importantes. Sus resultados sin duda trajeron al pa\u00eds una mayor presencia en el mundo, una inserci\u00f3n estrat\u00e9gica en el mundo global, un dinamismo econ\u00f3mico para ciertos sectores industriales, y una concentraci\u00f3n de la riqueza jam\u00e1s vista en los a\u00f1os anteriores.&nbsp;<\/p>\n\n\n\n<p>Sin embargo, el desarrollo de la econom\u00eda global se hizo a costa de la destrucci\u00f3n planetaria, de las invasiones y guerras regionales -sobre todo contra Medio Oriente \u00c1frica y Latinoam\u00e9rica- y a costa de los ingresos de los trabajadores.&nbsp;<\/p>\n\n\n\n<p>En consecuencia, los alaridos acerca de que el modelo concentrador estaba resultando letal para la mayor\u00eda de los pobladores de este mundo, se hizo sentir, inmediatamente despu\u00e9s de la primera invasi\u00f3n norteamericana a Irak.&nbsp;<\/p>\n\n\n\n<p>Como respuesta se empez\u00f3 a sugerir la idea de que el desarrollo no pod\u00eda ser medido exclusivamente en par\u00e1metros productivos, tecnol\u00f3gicos y de comercializaci\u00f3n global. En Francia, Alemania, Italia, y finalmente Inglaterra y los EEUU. La&nbsp;cr\u00edtica&nbsp;al modelo neoliberal no solo proven\u00eda de las sociedades m\u00e1s expoliadas del planeta, no solo fue externa, tambi\u00e9n se anid\u00f3 precisamente ah\u00ed donde se incub\u00f3, y Europa, al ver que la consolidaci\u00f3n de una \u00e9lite vencedora, dirigida principalmente por los EEUU, y que esa globalizaci\u00f3n lo \u00fanico que hizo fue destrozar el antiguo estado de bienestar, empez\u00f3 a gestar un&nbsp;contra-modelo&nbsp;de desarrollo.&nbsp;<\/p>\n\n\n\n<p>El&nbsp;contra-modelo&nbsp;ha venido insistiendo en que el desarrollo esta m\u00e1s vinculado a la \u201ccalidad de vida\u201d de sus poblaciones, y que la riqueza generada por un pa\u00eds, lejos de concentrarla deliberadamente en una \u00e9lite empresarial, habr\u00eda que distribuirla, mediante distintos mecanismos: ingresos salariales, cr\u00e9ditos y\/o exenci\u00f3n de impuestos a los peque\u00f1os comercios, fortalecimiento de las pensiones y jubilaciones, combate a la corrupci\u00f3n y programas de desarrollo e infraestructura regionales, para fortalecer el empleo y el consumo regional.&nbsp;&nbsp;<\/p>\n\n\n\n<p>En el mundo, en varios pa\u00edses, con mayor intensidad o menor intensidad, con mayor o menor respaldo pol\u00edtico, los modelos se disputan el concepto de desarrollo y, sobre todo, la concentraci\u00f3n o la distribuci\u00f3n de la riqueza.&nbsp;<\/p>\n\n\n\n<p>En el plano pol\u00edtico, para llevar a cabo cualquiera de los modelos econ\u00f3micos se opta por mecanismos autoritarios, o por mecanismos democr\u00e1ticos. Las \u00e9lites empresariales, por definici\u00f3n, no son democr\u00e1ticas, se sienten y se expresan como encarnaciones del poder, y tienden m\u00e1s bien a ejercer el autoritarismo sobre las clases populares y trabajadoras, y el&nbsp;democr\u00e1tismo&nbsp;se vuelve una \u201cidea\u201d m\u00e1s del discurso de la dominaci\u00f3n. Al cambiar la correlaci\u00f3n de fuerzas en el estado, y verse desplazados de ese poder, claman por formas democr\u00e1ticas, acusan y alertan en contra del autoritarismo, que ahora ejercen quienes se encuentran en los espacios y zonas del poder. Las \u00e9lites empresariales, desplazadas, piden di\u00e1logo, piden libertad de expresi\u00f3n, piden instituciones aut\u00f3nomas, exigen meter la mano en el modelo de desarrollo.&nbsp;&nbsp;<\/p>\n\n\n\n<p>En el plano de las ideas, los modelos requieren de un mayoritario apoyo pol\u00edtico y electoral. En su momento, de manera real o artificial, se&nbsp;cre\u00f3&nbsp;la \u201cidea\u201d de que el modelo neoliberal era respaldado por la ciudadan\u00eda, por los trabajadores, y por el pueblo. Y muy probablemente, a trav\u00e9s de todos los artificios de la propaganda pol\u00edtica se pudo lograr ese apoyo. Hoy con los mismos artificios, pero tambi\u00e9n sin ellos, es muy probable que L\u00f3pez Obrador mantenga, hasta ahora,&nbsp;m\u00e1s&nbsp;o menos estable un \u201csistema de creencias\u201d que mantienen la esperanza, los sentimientos y las emociones m\u00e1s favorables para que contin\u00fae por el camino de la distribuci\u00f3n y enrute al pa\u00eds hacia un estado que mejore la calidad de vida de sus pobladores.&nbsp;<\/p>\n","protected":false},"excerpt":{"rendered":"<p>Edgard Gonz\u00e1lez Su\u00e1rez El pa\u00eds se enfrenta a dos grandes modelos de gesti\u00f3n econ\u00f3mica y dos modelos de gesti\u00f3n pol\u00edtica. A la mayor\u00eda de la gente le debe de quedar claro, que la conducci\u00f3n de un pa\u00eds necesita de esas dos grandes herramientas con las que el Estado intenta mantener a flote y en desarrollo [&hellip;]<\/p>\n","protected":false},"author":26,"featured_media":33024,"comment_status":"open","ping_status":"open","sticky":false,"template":"","format":"standard","meta":{"_monsterinsights_skip_tracking":false,"_monsterinsights_sitenote_active":false,"_monsterinsights_sitenote_note":"","_monsterinsights_sitenote_category":0,"footnotes":""},"categories":[242],"tags":[702],"class_list":["post-33023","post","type-post","status-publish","format-standard","has-post-thumbnail","hentry","category-macroscopio","tag-edgard-gonzalez-suarez","wp-image-borders"],"amp_enabled":true,"_links":{"self":[{"href":"https:\/\/nvnoticias.mx\/index.php\/wp-json\/wp\/v2\/posts\/33023","targetHints":{"allow":["GET"]}}],"collection":[{"href":"https:\/\/nvnoticias.mx\/index.php\/wp-json\/wp\/v2\/posts"}],"about":[{"href":"https:\/\/nvnoticias.mx\/index.php\/wp-json\/wp\/v2\/types\/post"}],"author":[{"embeddable":true,"href":"https:\/\/nvnoticias.mx\/index.php\/wp-json\/wp\/v2\/users\/26"}],"replies":[{"embeddable":true,"href":"https:\/\/nvnoticias.mx\/index.php\/wp-json\/wp\/v2\/comments?post=33023"}],"version-history":[{"count":1,"href":"https:\/\/nvnoticias.mx\/index.php\/wp-json\/wp\/v2\/posts\/33023\/revisions"}],"predecessor-version":[{"id":33025,"href":"https:\/\/nvnoticias.mx\/index.php\/wp-json\/wp\/v2\/posts\/33023\/revisions\/33025"}],"wp:featuredmedia":[{"embeddable":true,"href":"https:\/\/nvnoticias.mx\/index.php\/wp-json\/wp\/v2\/media\/33024"}],"wp:attachment":[{"href":"https:\/\/nvnoticias.mx\/index.php\/wp-json\/wp\/v2\/media?parent=33023"}],"wp:term":[{"taxonomy":"category","embeddable":true,"href":"https:\/\/nvnoticias.mx\/index.php\/wp-json\/wp\/v2\/categories?post=33023"},{"taxonomy":"post_tag","embeddable":true,"href":"https:\/\/nvnoticias.mx\/index.php\/wp-json\/wp\/v2\/tags?post=33023"}],"curies":[{"name":"wp","href":"https:\/\/api.w.org\/{rel}","templated":true}]}}