{"id":3288,"date":"2021-02-03T07:29:36","date_gmt":"2021-02-03T13:29:36","guid":{"rendered":"https:\/\/nvnoticias.mx\/?p=3288"},"modified":"2021-11-01T04:53:28","modified_gmt":"2021-11-01T10:53:28","slug":"autoriza-mexico-el-uso-de-emergencia-de-la-vacuna-sputnik-v","status":"publish","type":"post","link":"https:\/\/nvnoticias.mx\/index.php\/2021\/02\/03\/autoriza-mexico-el-uso-de-emergencia-de-la-vacuna-sputnik-v\/","title":{"rendered":"Autoriza M\u00e9xico el uso de emergencia de la vacuna Sputnik V"},"content":{"rendered":"\n<p>Este martes el subsecretario de Prevenci\u00f3n y Promoci\u00f3n de la Salud, Hugo L\u00f3pez-Gatell, inform\u00f3 que la Comisi\u00f3n Federal para la Protecci\u00f3n contra Riesgos Sanitarios de M\u00e9xico (Cofepris) autoriz\u00f3 el uso de emergencia de la vacuna rusa Sputnik V contra el covid-19.<\/p>\n\n\n\n<p>L\u00f3pez-Gatell, dio a conocer la noticia y calific\u00f3 de &#8220;alentador&#8221; el hecho de tener\u00a0<strong>&#8220;una vacuna nueva en el repertorio&#8221;<\/strong>\u00a0para hacer frente a la pandemia.<\/p>\n\n\n\n<blockquote class=\"wp-block-quote is-layout-flow wp-block-quote-is-layout-flow\"><p>&#8220;La Cofepris acaba de autorizar el uso de emergencia de la vacuna Sputnik V, desarrollada por el Centro de Epidemiolog\u00eda y Microbiolog\u00eda Gamaleya. Esto hace posible importar el f\u00e1rmaco y usarlo&#8221;, destac\u00f3.<\/p><\/blockquote>\n\n\n\n<figure class=\"wp-block-embed is-type-rich is-provider-gestor-del-servicio wp-block-embed-gestor-del-servicio wp-embed-aspect-16-9 wp-has-aspect-ratio\"><div class=\"wp-block-embed__wrapper\">\n<iframe loading=\"lazy\" title=\"Conferencia de Prensa #COVID19 | 2 de febrero de 2021 #GraciasPorCuidarnos\" width=\"880\" height=\"495\" src=\"https:\/\/www.youtube.com\/embed\/zvwpURL2vt4?feature=oembed\" frameborder=\"0\" allow=\"accelerometer; autoplay; clipboard-write; encrypted-media; gyroscope; picture-in-picture\" allowfullscreen><\/iframe>\n<\/div><\/figure>\n\n\n\n<p>Durante conferencia de prensa, L\u00f3pez-Gatell se\u00f1al\u00f3 que la autorizaci\u00f3n le fue conferida a la empresa p\u00fablica Birmex Biol\u00f3gicos y Reactivos de M\u00e9xico, que firm\u00f3 un convenio para representar al Fondo Ruso de Inversiones Directas y su compa\u00f1\u00eda de vacunaci\u00f3n, Human Vaccine.<\/p>\n\n\n\n<p>Fuente: RT<\/p>\n","protected":false},"excerpt":{"rendered":"<p>Este martes el subsecretario de Prevenci\u00f3n y Promoci\u00f3n de la Salud, Hugo L\u00f3pez-Gatell, inform\u00f3 que la Comisi\u00f3n Federal para la Protecci\u00f3n contra Riesgos Sanitarios de M\u00e9xico (Cofepris) autoriz\u00f3 el uso de emergencia de la vacuna rusa Sputnik V contra el covid-19. L\u00f3pez-Gatell, dio a conocer la noticia y calific\u00f3 de &#8220;alentador&#8221; el hecho de tener\u00a0&#8220;una [&hellip;]<\/p>\n","protected":false},"author":6,"featured_media":3290,"comment_status":"open","ping_status":"open","sticky":false,"template":"","format":"standard","meta":{"_monsterinsights_skip_tracking":false,"_monsterinsights_sitenote_active":false,"_monsterinsights_sitenote_note":"","_monsterinsights_sitenote_category":0,"footnotes":""},"categories":[157],"tags":[292,162,647,217],"class_list":["post-3288","post","type-post","status-publish","format-standard","has-post-thumbnail","hentry","category-nacional","tag-mexico","tag-portada","tag-sputnik-v","tag-vacuna","wp-image-borders"],"amp_enabled":true,"_links":{"self":[{"href":"https:\/\/nvnoticias.mx\/index.php\/wp-json\/wp\/v2\/posts\/3288","targetHints":{"allow":["GET"]}}],"collection":[{"href":"https:\/\/nvnoticias.mx\/index.php\/wp-json\/wp\/v2\/posts"}],"about":[{"href":"https:\/\/nvnoticias.mx\/index.php\/wp-json\/wp\/v2\/types\/post"}],"author":[{"embeddable":true,"href":"https:\/\/nvnoticias.mx\/index.php\/wp-json\/wp\/v2\/users\/6"}],"replies":[{"embeddable":true,"href":"https:\/\/nvnoticias.mx\/index.php\/wp-json\/wp\/v2\/comments?post=3288"}],"version-history":[{"count":1,"href":"https:\/\/nvnoticias.mx\/index.php\/wp-json\/wp\/v2\/posts\/3288\/revisions"}],"predecessor-version":[{"id":3291,"href":"https:\/\/nvnoticias.mx\/index.php\/wp-json\/wp\/v2\/posts\/3288\/revisions\/3291"}],"wp:featuredmedia":[{"embeddable":true,"href":"https:\/\/nvnoticias.mx\/index.php\/wp-json\/wp\/v2\/media\/3290"}],"wp:attachment":[{"href":"https:\/\/nvnoticias.mx\/index.php\/wp-json\/wp\/v2\/media?parent=3288"}],"wp:term":[{"taxonomy":"category","embeddable":true,"href":"https:\/\/nvnoticias.mx\/index.php\/wp-json\/wp\/v2\/categories?post=3288"},{"taxonomy":"post_tag","embeddable":true,"href":"https:\/\/nvnoticias.mx\/index.php\/wp-json\/wp\/v2\/tags?post=3288"}],"curies":[{"name":"wp","href":"https:\/\/api.w.org\/{rel}","templated":true}]}}