{"id":32865,"date":"2021-12-04T11:27:06","date_gmt":"2021-12-04T17:27:06","guid":{"rendered":"https:\/\/nvnoticias.mx\/?p=32865"},"modified":"2021-12-04T11:27:06","modified_gmt":"2021-12-04T17:27:06","slug":"cuitlahuac-defiende-convenio-para-cobro-de-predial","status":"publish","type":"post","link":"https:\/\/nvnoticias.mx\/index.php\/2021\/12\/04\/cuitlahuac-defiende-convenio-para-cobro-de-predial\/","title":{"rendered":"Cuitl\u00e1huac defiende convenio para cobro de predial"},"content":{"rendered":"\n<p><strong>Sam Ojeda | NV Noticias<\/strong>&nbsp;<\/p>\n\n\n\n<p>Xalapa. &#8211;&nbsp;El gobernador de Veracruz, Cuitl\u00e1huac Garc\u00eda Jim\u00e9nez, neg\u00f3 que se vaya a obligar a los municipios a firmar un convenio que le permita al Gobierno del estado cobrar el impuesto predial.&nbsp;&nbsp;<\/p>\n\n\n\n<p>El mandatario dijo que se trata de una opci\u00f3n para aquellos que deseen adherirse y lograr recursos adicionales por parte del Fondo de Fomento Metropolitano y usar las plataformas de la administraci\u00f3n estatal para el cobro de este impuesto. &nbsp;&nbsp;<\/p>\n\n\n\n<blockquote class=\"wp-block-quote is-layout-flow wp-block-quote-is-layout-flow\"><p>\u201cEs poner los servicios de la p\u00e1gina web a los municipios que la quieran utilizar y se le reintegra al municipio\u201d.\u00a0<\/p><\/blockquote>\n\n\n\n<p>Garc\u00eda Jim\u00e9nez insisti\u00f3 en que se trata de un hecho constitucional, por eso critic\u00f3 que haya alcaldes que diga que es una forma del Gobierno del estado de apropiarse de sus recursos.&nbsp;&nbsp;<\/p>\n\n\n\n<p>Adem\u00e1s, les record\u00f3 que en su administraci\u00f3n se ha cumplido con la entrega de los recursos federales que deben llegar a los municipios. &nbsp;&nbsp;<\/p>\n\n\n\n<blockquote class=\"wp-block-quote is-layout-flow wp-block-quote-is-layout-flow\"><p>\u201cNosotros hemos cumplido con la\u00a0entrega puntual de todos los programas federales a los que acceden los municipios y que son dados a trav\u00e9s de nosotros\u201d.\u00a0<\/p><\/blockquote>\n","protected":false},"excerpt":{"rendered":"<p>Sam Ojeda | NV Noticias&nbsp; Xalapa. &#8211;&nbsp;El gobernador de Veracruz, Cuitl\u00e1huac Garc\u00eda Jim\u00e9nez, neg\u00f3 que se vaya a obligar a los municipios a firmar un convenio que le permita al Gobierno del estado cobrar el impuesto predial.&nbsp;&nbsp; El mandatario dijo que se trata de una opci\u00f3n para aquellos que deseen adherirse y lograr recursos adicionales [&hellip;]<\/p>\n","protected":false},"author":6,"featured_media":27321,"comment_status":"open","ping_status":"open","sticky":false,"template":"","format":"standard","meta":{"_monsterinsights_skip_tracking":false,"_monsterinsights_sitenote_active":false,"_monsterinsights_sitenote_note":"","_monsterinsights_sitenote_category":0,"footnotes":""},"categories":[156],"tags":[965,162,1268],"class_list":["post-32865","post","type-post","status-publish","format-standard","has-post-thumbnail","hentry","category-estado","tag-cuitlahuac-garcia-jimenez","tag-portada","tag-predial","wp-image-borders"],"amp_enabled":true,"_links":{"self":[{"href":"https:\/\/nvnoticias.mx\/index.php\/wp-json\/wp\/v2\/posts\/32865","targetHints":{"allow":["GET"]}}],"collection":[{"href":"https:\/\/nvnoticias.mx\/index.php\/wp-json\/wp\/v2\/posts"}],"about":[{"href":"https:\/\/nvnoticias.mx\/index.php\/wp-json\/wp\/v2\/types\/post"}],"author":[{"embeddable":true,"href":"https:\/\/nvnoticias.mx\/index.php\/wp-json\/wp\/v2\/users\/6"}],"replies":[{"embeddable":true,"href":"https:\/\/nvnoticias.mx\/index.php\/wp-json\/wp\/v2\/comments?post=32865"}],"version-history":[{"count":1,"href":"https:\/\/nvnoticias.mx\/index.php\/wp-json\/wp\/v2\/posts\/32865\/revisions"}],"predecessor-version":[{"id":32866,"href":"https:\/\/nvnoticias.mx\/index.php\/wp-json\/wp\/v2\/posts\/32865\/revisions\/32866"}],"wp:featuredmedia":[{"embeddable":true,"href":"https:\/\/nvnoticias.mx\/index.php\/wp-json\/wp\/v2\/media\/27321"}],"wp:attachment":[{"href":"https:\/\/nvnoticias.mx\/index.php\/wp-json\/wp\/v2\/media?parent=32865"}],"wp:term":[{"taxonomy":"category","embeddable":true,"href":"https:\/\/nvnoticias.mx\/index.php\/wp-json\/wp\/v2\/categories?post=32865"},{"taxonomy":"post_tag","embeddable":true,"href":"https:\/\/nvnoticias.mx\/index.php\/wp-json\/wp\/v2\/tags?post=32865"}],"curies":[{"name":"wp","href":"https:\/\/api.w.org\/{rel}","templated":true}]}}