{"id":32857,"date":"2021-12-04T11:18:44","date_gmt":"2021-12-04T17:18:44","guid":{"rendered":"https:\/\/nvnoticias.mx\/?p=32857"},"modified":"2021-12-04T11:18:45","modified_gmt":"2021-12-04T17:18:45","slug":"marchan-para-visibilizar-a-personas-con-discapacidad","status":"publish","type":"post","link":"https:\/\/nvnoticias.mx\/index.php\/2021\/12\/04\/marchan-para-visibilizar-a-personas-con-discapacidad\/","title":{"rendered":"Marchan para visibilizar a personas con discapacidad"},"content":{"rendered":"\n<p><strong>Sam Ojeda | NV Noticias<\/strong>&nbsp;<\/p>\n\n\n\n<p>Xalapa. &#8211;&nbsp;Este s\u00e1bado personas con discapacidad salieron a marchar para visibilizar la problem\u00e1tica en la falta de infraestructura adecuada para su movilidad.&nbsp;&nbsp;<\/p>\n\n\n\n<p>Al respecto, Pepe Acosta, integrante del Movimiento de Personas con Discapacidad, indic\u00f3 que se trata del \u201cPrimer recorrido internacional de personas con discapacidad\u201d que se realiza en el mundo.&nbsp;&nbsp;<\/p>\n\n\n\n<blockquote class=\"wp-block-quote is-layout-flow wp-block-quote-is-layout-flow\"><p>\u201cQueremos visibilizar a las personas con discapacidad, sus familiares; son empresarios, profesores y las m\u00faltiples discapacidades que existen\u201d.\u00a0\u00a0<\/p><\/blockquote>\n\n\n\n<p>Dijo que desafortunadamente hay una falta de acceso a escuelas, al trabajo, a los servicios p\u00fablicos, y que sobre todo es un problema por la infraestructura urbana que no les da opciones para desplazarse con seguridad. &nbsp;&nbsp;<\/p>\n\n\n\n<p>Esta marcha se realiza en las principales ciudades del pa\u00eds e incluso de otros pa\u00edses en el marco del D\u00eda internacional de personas con discapacidad.&nbsp;<\/p>\n\n\n\n<p>Por ello, en el caso de Xalapa decidieron marchar desde la venida de Manuel \u00c1vila Camacho hasta el parque Ju\u00e1rez en donde realizar\u00e1n un evento art\u00edstico y cultural.&nbsp;<\/p>\n","protected":false},"excerpt":{"rendered":"<p>Sam Ojeda | NV Noticias&nbsp; Xalapa. &#8211;&nbsp;Este s\u00e1bado personas con discapacidad salieron a marchar para visibilizar la problem\u00e1tica en la falta de infraestructura adecuada para su movilidad.&nbsp;&nbsp; Al respecto, Pepe Acosta, integrante del Movimiento de Personas con Discapacidad, indic\u00f3 que se trata del \u201cPrimer recorrido internacional de personas con discapacidad\u201d que se realiza en el [&hellip;]<\/p>\n","protected":false},"author":6,"featured_media":32858,"comment_status":"open","ping_status":"open","sticky":false,"template":"","format":"standard","meta":{"_monsterinsights_skip_tracking":false,"_monsterinsights_sitenote_active":false,"_monsterinsights_sitenote_note":"","_monsterinsights_sitenote_category":0,"footnotes":""},"categories":[156],"tags":[1068,1507],"class_list":["post-32857","post","type-post","status-publish","format-standard","has-post-thumbnail","hentry","category-estado","tag-discapacidad","tag-marcha","wp-image-borders"],"amp_enabled":true,"_links":{"self":[{"href":"https:\/\/nvnoticias.mx\/index.php\/wp-json\/wp\/v2\/posts\/32857","targetHints":{"allow":["GET"]}}],"collection":[{"href":"https:\/\/nvnoticias.mx\/index.php\/wp-json\/wp\/v2\/posts"}],"about":[{"href":"https:\/\/nvnoticias.mx\/index.php\/wp-json\/wp\/v2\/types\/post"}],"author":[{"embeddable":true,"href":"https:\/\/nvnoticias.mx\/index.php\/wp-json\/wp\/v2\/users\/6"}],"replies":[{"embeddable":true,"href":"https:\/\/nvnoticias.mx\/index.php\/wp-json\/wp\/v2\/comments?post=32857"}],"version-history":[{"count":1,"href":"https:\/\/nvnoticias.mx\/index.php\/wp-json\/wp\/v2\/posts\/32857\/revisions"}],"predecessor-version":[{"id":32859,"href":"https:\/\/nvnoticias.mx\/index.php\/wp-json\/wp\/v2\/posts\/32857\/revisions\/32859"}],"wp:featuredmedia":[{"embeddable":true,"href":"https:\/\/nvnoticias.mx\/index.php\/wp-json\/wp\/v2\/media\/32858"}],"wp:attachment":[{"href":"https:\/\/nvnoticias.mx\/index.php\/wp-json\/wp\/v2\/media?parent=32857"}],"wp:term":[{"taxonomy":"category","embeddable":true,"href":"https:\/\/nvnoticias.mx\/index.php\/wp-json\/wp\/v2\/categories?post=32857"},{"taxonomy":"post_tag","embeddable":true,"href":"https:\/\/nvnoticias.mx\/index.php\/wp-json\/wp\/v2\/tags?post=32857"}],"curies":[{"name":"wp","href":"https:\/\/api.w.org\/{rel}","templated":true}]}}