{"id":32848,"date":"2021-12-04T10:43:36","date_gmt":"2021-12-04T16:43:36","guid":{"rendered":"https:\/\/nvnoticias.mx\/?p=32848"},"modified":"2021-12-04T10:43:36","modified_gmt":"2021-12-04T16:43:36","slug":"jubilados-ponen-en-marcha-jornada-de-defensa-del-ipe","status":"publish","type":"post","link":"https:\/\/nvnoticias.mx\/index.php\/2021\/12\/04\/jubilados-ponen-en-marcha-jornada-de-defensa-del-ipe\/","title":{"rendered":"Jubilados ponen en marcha jornada de defensa del IPE"},"content":{"rendered":"\n<p><strong>Jes\u00fas Utrilla | NV Noticias<\/strong><\/p>\n\n\n\n<p>Veracruz.- Con la finalidad de informar sobre el debilitamiento del Instituto de Pensiones del Estado, jubilados pusieron en marcha una campa\u00f1a de informaci\u00f3n. El m\u00f3dulo fue instalado en el z\u00f3calo de la ciudad de Veracruz.<\/p>\n\n\n\n<p>El secretario general de la delegaci\u00f3n D-I de Jubilados de la Secci\u00f3n 56 del SNTE, Rodolfo Su\u00e1rez Castellanos, se\u00f1al\u00f3 que de mantenerse el desfalco financiero se transitar\u00e1 a cuentas individuales.<\/p>\n\n\n\n<blockquote class=\"wp-block-quote is-layout-flow wp-block-quote-is-layout-flow\"><p>\u201cEstamos con esta jornada informativa. La intenci\u00f3n es animar a todos a que defendamos el sistema porque sino lo hacemos vamos a tronar severamente todos los trabajadores del estado\u201d.<\/p><\/blockquote>\n\n\n\n<p>Acus\u00f3 que la denuncia que interpusieron ante la Fiscal\u00eda Anticorrupci\u00f3n, en agosto de 2016, se mantiene detenida.<\/p>\n\n\n\n<p>En ella pidieron que se exigiera devolver 20 mil 500 millones de pesos de la reserva t\u00e9cnica del IPE pero la Fiscal\u00eda no investiga.<\/p>\n\n\n\n<blockquote class=\"wp-block-quote is-layout-flow wp-block-quote-is-layout-flow\"><p>\u201cTiene 23 mil hojas en el expediente y no dictamina si hay culpabilidad o inocencia y se ha dedicado en los \u00faltimos tres a\u00f1os a mandar la carpeta a archivo, ah\u00ed la dej\u00f3 muerta y tuvimos que ir con nuestra abogada a rescatarla y han desobedecido a los jueces de control que les han ordenado que ya dictaminen si hay culpabilidad o no\u201d.<\/p><\/blockquote>\n\n\n\n<p>Los jubilados se encuentran en desacuerdo con depender del Gobierno Estatal, pues no cuenta con capacidad financiera para responder por una n\u00f3mina tan alta como la del IPE.<\/p>\n","protected":false},"excerpt":{"rendered":"<p>Jes\u00fas Utrilla | NV Noticias Veracruz.- Con la finalidad de informar sobre el debilitamiento del Instituto de Pensiones del Estado, jubilados pusieron en marcha una campa\u00f1a de informaci\u00f3n. El m\u00f3dulo fue instalado en el z\u00f3calo de la ciudad de Veracruz. El secretario general de la delegaci\u00f3n D-I de Jubilados de la Secci\u00f3n 56 del SNTE, [&hellip;]<\/p>\n","protected":false},"author":6,"featured_media":6366,"comment_status":"open","ping_status":"open","sticky":false,"template":"","format":"standard","meta":{"_monsterinsights_skip_tracking":false,"_monsterinsights_sitenote_active":false,"_monsterinsights_sitenote_note":"","_monsterinsights_sitenote_category":0,"footnotes":""},"categories":[154],"tags":[601,1970],"class_list":["post-32848","post","type-post","status-publish","format-standard","has-post-thumbnail","hentry","category-veracruz","tag-ipe","tag-jubilados","wp-image-borders"],"amp_enabled":true,"_links":{"self":[{"href":"https:\/\/nvnoticias.mx\/index.php\/wp-json\/wp\/v2\/posts\/32848","targetHints":{"allow":["GET"]}}],"collection":[{"href":"https:\/\/nvnoticias.mx\/index.php\/wp-json\/wp\/v2\/posts"}],"about":[{"href":"https:\/\/nvnoticias.mx\/index.php\/wp-json\/wp\/v2\/types\/post"}],"author":[{"embeddable":true,"href":"https:\/\/nvnoticias.mx\/index.php\/wp-json\/wp\/v2\/users\/6"}],"replies":[{"embeddable":true,"href":"https:\/\/nvnoticias.mx\/index.php\/wp-json\/wp\/v2\/comments?post=32848"}],"version-history":[{"count":1,"href":"https:\/\/nvnoticias.mx\/index.php\/wp-json\/wp\/v2\/posts\/32848\/revisions"}],"predecessor-version":[{"id":32849,"href":"https:\/\/nvnoticias.mx\/index.php\/wp-json\/wp\/v2\/posts\/32848\/revisions\/32849"}],"wp:featuredmedia":[{"embeddable":true,"href":"https:\/\/nvnoticias.mx\/index.php\/wp-json\/wp\/v2\/media\/6366"}],"wp:attachment":[{"href":"https:\/\/nvnoticias.mx\/index.php\/wp-json\/wp\/v2\/media?parent=32848"}],"wp:term":[{"taxonomy":"category","embeddable":true,"href":"https:\/\/nvnoticias.mx\/index.php\/wp-json\/wp\/v2\/categories?post=32848"},{"taxonomy":"post_tag","embeddable":true,"href":"https:\/\/nvnoticias.mx\/index.php\/wp-json\/wp\/v2\/tags?post=32848"}],"curies":[{"name":"wp","href":"https:\/\/api.w.org\/{rel}","templated":true}]}}