{"id":32782,"date":"2021-12-03T11:44:51","date_gmt":"2021-12-03T17:44:51","guid":{"rendered":"https:\/\/nvnoticias.mx\/?p=32782"},"modified":"2021-12-03T11:46:52","modified_gmt":"2021-12-03T17:46:52","slug":"por-no-rentre-2020-2021-perdieron-la-batalla-contra-cancer-31-ninos","status":"publish","type":"post","link":"https:\/\/nvnoticias.mx\/index.php\/2021\/12\/03\/por-no-rentre-2020-2021-perdieron-la-batalla-contra-cancer-31-ninos\/","title":{"rendered":"Entre 2020 y 2021 perdieron la batalla contra el c\u00e1ncer 31 ni\u00f1os"},"content":{"rendered":"\n<p><strong>Jes\u00fas Utrilla | NV Noticias<\/strong><\/p>\n\n\n\n<p>Veracruz.- Por no haber recibido atenci\u00f3n oportuna, entre 2020 y 2021 perdieron la batalla contra el c\u00e1ncer 31 ni\u00f1os, se\u00f1al\u00f3 Susana Lara Garc\u00eda, presidenta de la Asociaci\u00f3n Mexicana de Ayuda a Ni\u00f1os con C\u00e1ncer (Amanc) de Veracruz.<\/p>\n\n\n\n<p>Dijo que en muchos casos el padecimiento no se detect\u00f3 a tiempo y en otros no siguieron en tiempo y forma las quimioterapias.<\/p>\n\n\n\n<p>Tan solo este a\u00f1o murieron 21 que eran atendidos en el Hospital Infantil de Veracruz.<\/p>\n\n\n\n<blockquote class=\"wp-block-quote is-layout-flow wp-block-quote-is-layout-flow\"><p>\u00a0\u201cDesgraciadamente se cerraron todos los hospitales y el a\u00f1o pasado en muchas poblaciones no los dejaron salir los alcaldes o agentes municipales, entonces los ni\u00f1os llegaron en etapas tard\u00edas. O muchas veces el tratamiento no fue con continuidad. No ven\u00edan y les afect\u00f3 porque los esquemas deben ser puntuales\u201d.<\/p><\/blockquote>\n\n\n\n<p>Actualmente son atendidos en el Hospital Infantil de Veracruz 119 ni\u00f1os oncol\u00f3gicos, de entre 0 y 18 a\u00f1os.<\/p>\n\n\n\n<p>Sin embargo, los fallecimientos son sobre todo entre el rango de 0 a 13 a\u00f1os de edad, de acuerdo a la presidenta de Amanc.<\/p>\n\n\n\n<p>La detecci\u00f3n oportuna en cualquier enfermedad puede ser la diferencia en que un tratamiento sea exitoso o no, adem\u00e1s que en M\u00e9xico la tasa de sobrevida de un paciente pedi\u00e1trico oncol\u00f3gico es de 56 por ciento, mientras que en otras naciones llega al 80 por ciento.<\/p>\n\n\n\n<blockquote class=\"wp-block-quote is-layout-flow wp-block-quote-is-layout-flow\"><p>\u201cPor llegar en etapas tard\u00edas no tienen el tratamiento en el momento, entonces el c\u00e1ncer viene m\u00e1s agresivo y el ni\u00f1o no alcanza a recuperarse. Tenemos una tasa de sobrevida a nivel nacional de 56 por ciento siendo que en otros pa\u00edses de primer mundo es de hasta 80 por ciento en la recuperaci\u00f3n del ni\u00f1o\u201d.<\/p><\/blockquote>\n\n\n\n<p>La Asociaci\u00f3n Mexicana de Ayuda a Ni\u00f1os con C\u00e1ncer adem\u00e1s de apoyar con medicamentos, ayuda con los pagos de transportaci\u00f3n de los pacientes para que puedan recibir sus tratamientos.<\/p>\n","protected":false},"excerpt":{"rendered":"<p>Jes\u00fas Utrilla | NV Noticias Veracruz.- Por no haber recibido atenci\u00f3n oportuna, entre 2020 y 2021 perdieron la batalla contra el c\u00e1ncer 31 ni\u00f1os, se\u00f1al\u00f3 Susana Lara Garc\u00eda, presidenta de la Asociaci\u00f3n Mexicana de Ayuda a Ni\u00f1os con C\u00e1ncer (Amanc) de Veracruz. Dijo que en muchos casos el padecimiento no se detect\u00f3 a tiempo y [&hellip;]<\/p>\n","protected":false},"author":6,"featured_media":32783,"comment_status":"open","ping_status":"open","sticky":false,"template":"","format":"standard","meta":{"_monsterinsights_skip_tracking":false,"_monsterinsights_sitenote_active":false,"_monsterinsights_sitenote_note":"","_monsterinsights_sitenote_category":0,"footnotes":""},"categories":[154],"tags":[1522],"class_list":["post-32782","post","type-post","status-publish","format-standard","has-post-thumbnail","hentry","category-veracruz","tag-cancer-infantil","wp-image-borders"],"amp_enabled":true,"_links":{"self":[{"href":"https:\/\/nvnoticias.mx\/index.php\/wp-json\/wp\/v2\/posts\/32782","targetHints":{"allow":["GET"]}}],"collection":[{"href":"https:\/\/nvnoticias.mx\/index.php\/wp-json\/wp\/v2\/posts"}],"about":[{"href":"https:\/\/nvnoticias.mx\/index.php\/wp-json\/wp\/v2\/types\/post"}],"author":[{"embeddable":true,"href":"https:\/\/nvnoticias.mx\/index.php\/wp-json\/wp\/v2\/users\/6"}],"replies":[{"embeddable":true,"href":"https:\/\/nvnoticias.mx\/index.php\/wp-json\/wp\/v2\/comments?post=32782"}],"version-history":[{"count":2,"href":"https:\/\/nvnoticias.mx\/index.php\/wp-json\/wp\/v2\/posts\/32782\/revisions"}],"predecessor-version":[{"id":32785,"href":"https:\/\/nvnoticias.mx\/index.php\/wp-json\/wp\/v2\/posts\/32782\/revisions\/32785"}],"wp:featuredmedia":[{"embeddable":true,"href":"https:\/\/nvnoticias.mx\/index.php\/wp-json\/wp\/v2\/media\/32783"}],"wp:attachment":[{"href":"https:\/\/nvnoticias.mx\/index.php\/wp-json\/wp\/v2\/media?parent=32782"}],"wp:term":[{"taxonomy":"category","embeddable":true,"href":"https:\/\/nvnoticias.mx\/index.php\/wp-json\/wp\/v2\/categories?post=32782"},{"taxonomy":"post_tag","embeddable":true,"href":"https:\/\/nvnoticias.mx\/index.php\/wp-json\/wp\/v2\/tags?post=32782"}],"curies":[{"name":"wp","href":"https:\/\/api.w.org\/{rel}","templated":true}]}}