{"id":32695,"date":"2021-12-02T14:18:25","date_gmt":"2021-12-02T20:18:25","guid":{"rendered":"https:\/\/nvnoticias.mx\/?p=32695"},"modified":"2021-12-02T14:18:26","modified_gmt":"2021-12-02T20:18:26","slug":"confirma-gobernador-detencion-de-alcalde-electo-de-lerdo-de-tejada-por-secuestro-agravado","status":"publish","type":"post","link":"https:\/\/nvnoticias.mx\/index.php\/2021\/12\/02\/confirma-gobernador-detencion-de-alcalde-electo-de-lerdo-de-tejada-por-secuestro-agravado\/","title":{"rendered":"Confirma gobernador detenci\u00f3n de alcalde electo de Lerdo de Tejada por secuestro agravado"},"content":{"rendered":"\n<p><strong>Sam Ojeda | NV Noticias<\/strong>&nbsp;<\/p>\n\n\n\n<p>Xalapa. &#8211;&nbsp;El gobernador Cuitl\u00e1huac Garc\u00eda Jim\u00e9nez asegur\u00f3 que la detenci\u00f3n del alcalde electo de Lerdo de Tejada, Jorge Fabi\u00e1n \u201cN\u201d, que fue postulado por Morena, es ejemplo de que a&nbsp;Fiscal\u00eda General&nbsp;de Veracruz (FGE) no favorece o encubre a nadie.&nbsp;<\/p>\n\n\n\n<blockquote class=\"wp-block-quote is-layout-flow wp-block-quote-is-layout-flow\"><p>\u201cQueda m\u00e1s claro es que la Fiscal\u00eda no se mueve ni en tiempos pol\u00edtico-partidistas, ni ve colores ni act\u00faa de manera omisa, est\u00e1 procurando la justicia de manera pareja, ahora el presunto responsable es el alcalde electo de Lerdo de Tejada\u201d.\u00a0\u00a0<\/p><\/blockquote>\n\n\n\n<p>Confirm\u00f3 que el edil electo fue aprehendido como presunto responsable de secuestro agravado y pidi\u00f3 a los nuevos alcaldes que no se al\u00eden con la delincuencia porque no habr\u00e1 miramientos para quien violente la ley.&nbsp;<\/p>\n\n\n\n<blockquote class=\"wp-block-quote is-layout-flow wp-block-quote-is-layout-flow\"><p>\u201cNo tiene miramientos partidistas, por aquello que nos acusaban de autoritarismo, de actuar contra la oposici\u00f3n, ah\u00ed est\u00e1 muy claro que si alguien comete alg\u00fan delito las fiscal\u00edas est\u00e1n obligadas a actuar y que seremos respetuosos de esa actuaci\u00f3n\u201d.\u00a0\u00a0<\/p><\/blockquote>\n\n\n\n<p>Tambi\u00e9n descart\u00f3 la relaci\u00f3n del edil con el diputado de Morena, Juan Javier G\u00f3mez&nbsp;Cazar\u00edn, a pesar de que anteriormente se nombr\u00f3 como impulsor para la compra del ingenio San Francisco El Naranjal,&nbsp;<\/p>\n\n\n\n<blockquote class=\"wp-block-quote is-layout-flow wp-block-quote-is-layout-flow\"><p>\u201cNo hay (investigaci\u00f3n contra\u00a0Cazar\u00edn) porque est\u00e1 limpio, pero quien me lo pregunta es de Al Calor Pol\u00edtico y le trae mala fe al diputado, hay que decirlo hoy titularon que tiene complicidad en la compra del ingenio, d\u00f3nde est\u00e1 la prueba\u201d.\u00a0<\/p><\/blockquote>\n\n\n\n<p>Garc\u00eda Jim\u00e9nez hizo un exhorto a las autoridades municipales a no caer en las manos de la delincuencia y a\u00f1adi\u00f3 que hay otras autoridades electas a las que est\u00e1n indagando, aunque no detall\u00f3 sobre el tema.&nbsp;&nbsp;<\/p>\n\n\n\n<blockquote class=\"wp-block-quote is-layout-flow wp-block-quote-is-layout-flow\"><p>\u201cNo habr\u00e1 consideraci\u00f3n pol\u00edtica a quien usando las siglas del movimiento cometa il\u00edcitos, pensando en que se le va a solapar y si no bast\u00f3 con las advertencias que hab\u00eda hecho antes, ah\u00ed est\u00e1, m\u00e1s claro ni el agua (\u2026) Cuiden que no les manden mensaje, que no se re\u00fanan con ellos, que no acepten;\u00a0le\u00a0exigen al tesorero que ellos lo ponen, al director de polic\u00eda para que lo nombre, al director de obras\u201d.\u00a0<\/p><\/blockquote>\n","protected":false},"excerpt":{"rendered":"<p>Sam Ojeda | NV Noticias&nbsp; Xalapa. &#8211;&nbsp;El gobernador Cuitl\u00e1huac Garc\u00eda Jim\u00e9nez asegur\u00f3 que la detenci\u00f3n del alcalde electo de Lerdo de Tejada, Jorge Fabi\u00e1n \u201cN\u201d, que fue postulado por Morena, es ejemplo de que a&nbsp;Fiscal\u00eda General&nbsp;de Veracruz (FGE) no favorece o encubre a nadie.&nbsp; \u201cQueda m\u00e1s claro es que la Fiscal\u00eda no se mueve ni [&hellip;]<\/p>\n","protected":false},"author":6,"featured_media":32696,"comment_status":"open","ping_status":"open","sticky":false,"template":"","format":"standard","meta":{"_monsterinsights_skip_tracking":false,"_monsterinsights_sitenote_active":false,"_monsterinsights_sitenote_note":"","_monsterinsights_sitenote_category":0,"footnotes":""},"categories":[156],"tags":[2595,7575],"class_list":["post-32695","post","type-post","status-publish","format-standard","has-post-thumbnail","hentry","category-estado","tag-lerdo-de-tejada","tag-secuestro-agravado","wp-image-borders"],"amp_enabled":true,"_links":{"self":[{"href":"https:\/\/nvnoticias.mx\/index.php\/wp-json\/wp\/v2\/posts\/32695","targetHints":{"allow":["GET"]}}],"collection":[{"href":"https:\/\/nvnoticias.mx\/index.php\/wp-json\/wp\/v2\/posts"}],"about":[{"href":"https:\/\/nvnoticias.mx\/index.php\/wp-json\/wp\/v2\/types\/post"}],"author":[{"embeddable":true,"href":"https:\/\/nvnoticias.mx\/index.php\/wp-json\/wp\/v2\/users\/6"}],"replies":[{"embeddable":true,"href":"https:\/\/nvnoticias.mx\/index.php\/wp-json\/wp\/v2\/comments?post=32695"}],"version-history":[{"count":1,"href":"https:\/\/nvnoticias.mx\/index.php\/wp-json\/wp\/v2\/posts\/32695\/revisions"}],"predecessor-version":[{"id":32697,"href":"https:\/\/nvnoticias.mx\/index.php\/wp-json\/wp\/v2\/posts\/32695\/revisions\/32697"}],"wp:featuredmedia":[{"embeddable":true,"href":"https:\/\/nvnoticias.mx\/index.php\/wp-json\/wp\/v2\/media\/32696"}],"wp:attachment":[{"href":"https:\/\/nvnoticias.mx\/index.php\/wp-json\/wp\/v2\/media?parent=32695"}],"wp:term":[{"taxonomy":"category","embeddable":true,"href":"https:\/\/nvnoticias.mx\/index.php\/wp-json\/wp\/v2\/categories?post=32695"},{"taxonomy":"post_tag","embeddable":true,"href":"https:\/\/nvnoticias.mx\/index.php\/wp-json\/wp\/v2\/tags?post=32695"}],"curies":[{"name":"wp","href":"https:\/\/api.w.org\/{rel}","templated":true}]}}