{"id":3267,"date":"2021-02-02T17:24:44","date_gmt":"2021-02-02T23:24:44","guid":{"rendered":"https:\/\/nvnoticias.mx\/?p=3267"},"modified":"2021-02-02T17:58:56","modified_gmt":"2021-02-02T23:58:56","slug":"inicia-la-reinscripcion-2021-para-niveles-medio-superior-y-superior","status":"publish","type":"post","link":"https:\/\/nvnoticias.mx\/index.php\/2021\/02\/02\/inicia-la-reinscripcion-2021-para-niveles-medio-superior-y-superior\/","title":{"rendered":"Inicia la reinscripci\u00f3n 2021 para niveles Medio Superior y Superior"},"content":{"rendered":"\n<p><strong>Jes\u00fas Utrilla \/ NV Noticias<\/strong><\/p>\n\n\n\n<p>Inici\u00f3 el proceso de reinscripci\u00f3n 2021 para los niveles Medio Superior y Superior.<\/p>\n\n\n\n<p>La Secretar\u00eda de Educaci\u00f3n de Veracruz (SEV) lo implement\u00f3 en l\u00ednea y el inicio de clases volver\u00e1 a ser virtual.<\/p>\n\n\n\n<p>El Telebachillerato del Estado de Veracruz (TEBAEV) tendr\u00e1 el proceso del 02 al 08 de febrero; en la Direcci\u00f3n General de Bachillerato (DGB) del 08 al 12. En ambos subsistemas las clases empiezan el d\u00eda 15 del mismo mes.<\/p>\n\n\n\n<p>Por su parte el proceso del Colegio de Bachilleres del Estado de Veracruz (COBAEV) comprende del 02 al 05, el semestre inicia el lunes 08.<\/p>\n\n\n\n<p>Adem\u00e1s el Bachillerato en L\u00ednea (BELVER) lo har\u00e1 cada cinco semanas, las clases comenzaron el 01 de febrero; la Coordinaci\u00f3n Estatal de Preparatoria Abierta (CEPA) informa que inscripciones, reinscripciones y clases ser\u00e1n permanentes.<\/p>\n\n\n\n<p>En Telebachillerato Comunitario (TEBACOM) ser\u00e1 del 02 al 05 de febrero, las sesiones comienzan el 08.<\/p>\n\n\n\n<p>El Colegio Nacional de Educaci\u00f3n Profesional T\u00e9cnica (CONALEP) har\u00e1 lo propio del 08 de febrero al 05 de marzo, aunque retomar\u00e1 actividades el 01 de marzo.<\/p>\n\n\n\n<p>La Universidad Pedag\u00f3gica Nacional (UPN) renovar\u00e1 el registro en las licenciaturas en Pedagog\u00eda, Psicolog\u00eda Educativa e Intervenci\u00f3n Educativa los d\u00edas 19 y 20 de febrero, para comenzar el d\u00eda 23.<\/p>\n\n\n\n<p>La Educaci\u00f3n Tecnol\u00f3gica (DET) destin\u00f3 del 23 de enero al 26 de febrero, siendo el lapso del curso escolar del 15 de febrero al 01 de marzo.<\/p>\n\n\n\n<p>A su vez, la Universidad Pedag\u00f3gica Veracruzana (UPV) realizar\u00e1 estos tr\u00e1mites del 05 al 11 de febrero y las clases empiezan el 13 del mismo mes. La Educaci\u00f3n Universitaria (DGEU) lo efectuar\u00e1 durante febrero y marzo, en esos meses tambi\u00e9n abrir\u00e1 los cursos.<\/p>\n\n\n\n<p>Para\u00a0la Educaci\u00f3n Superior, el Colegio de Estudios Cient\u00edficos y Tecnol\u00f3gicos del Estado de Veracruz (CECyTEV) dispuso del 09 al 19 de febrero y arrancar\u00e1 labores el d\u00eda 15; mientras que Educaci\u00f3n Normal (DEN) tendr\u00e1 reinscripciones los d\u00edas 04 y 05 de marzo, iniciar\u00e1 cursos el 08.<\/p>\n\n\n\n<p>Finalmente, la Universidad Popular Aut\u00f3noma de Veracruz (UPAV) iniciar\u00e1 el periodo escolar los d\u00edas 14 y 15 de marzo.<\/p>\n\n\n\n<figure class=\"wp-block-image size-large\"><img loading=\"lazy\" decoding=\"async\" width=\"1024\" height=\"763\" src=\"https:\/\/nvnoticias.mx\/wp-content\/uploads\/2021\/02\/3ebb26fc-f5ac-4617-8f88-7c3dd167cdb8.jpg\" alt=\"\" class=\"wp-image-3268\" srcset=\"https:\/\/nvnoticias.mx\/wp-content\/uploads\/2021\/02\/3ebb26fc-f5ac-4617-8f88-7c3dd167cdb8.jpg 1024w, https:\/\/nvnoticias.mx\/wp-content\/uploads\/2021\/02\/3ebb26fc-f5ac-4617-8f88-7c3dd167cdb8-300x224.jpg 300w, https:\/\/nvnoticias.mx\/wp-content\/uploads\/2021\/02\/3ebb26fc-f5ac-4617-8f88-7c3dd167cdb8-768x572.jpg 768w\" sizes=\"auto, (max-width: 1024px) 100vw, 1024px\" \/><\/figure>\n\n\n\n<p><\/p>\n","protected":false},"excerpt":{"rendered":"<p>Jes\u00fas Utrilla \/ NV Noticias Inici\u00f3 el proceso de reinscripci\u00f3n 2021 para los niveles Medio Superior y Superior. La Secretar\u00eda de Educaci\u00f3n de Veracruz (SEV) lo implement\u00f3 en l\u00ednea y el inicio de clases volver\u00e1 a ser virtual. El Telebachillerato del Estado de Veracruz (TEBAEV) tendr\u00e1 el proceso del 02 al 08 de febrero; en [&hellip;]<\/p>\n","protected":false},"author":6,"featured_media":3269,"comment_status":"open","ping_status":"open","sticky":false,"template":"","format":"standard","meta":{"_monsterinsights_skip_tracking":false,"_monsterinsights_sitenote_active":false,"_monsterinsights_sitenote_note":"","_monsterinsights_sitenote_category":0,"footnotes":""},"categories":[156],"tags":[999,998,1001,1000],"class_list":["post-3267","post","type-post","status-publish","format-standard","has-post-thumbnail","hentry","category-estado","tag-medio-superior","tag-reinscripcion","tag-sev","tag-superior","wp-image-borders"],"amp_enabled":true,"_links":{"self":[{"href":"https:\/\/nvnoticias.mx\/index.php\/wp-json\/wp\/v2\/posts\/3267","targetHints":{"allow":["GET"]}}],"collection":[{"href":"https:\/\/nvnoticias.mx\/index.php\/wp-json\/wp\/v2\/posts"}],"about":[{"href":"https:\/\/nvnoticias.mx\/index.php\/wp-json\/wp\/v2\/types\/post"}],"author":[{"embeddable":true,"href":"https:\/\/nvnoticias.mx\/index.php\/wp-json\/wp\/v2\/users\/6"}],"replies":[{"embeddable":true,"href":"https:\/\/nvnoticias.mx\/index.php\/wp-json\/wp\/v2\/comments?post=3267"}],"version-history":[{"count":2,"href":"https:\/\/nvnoticias.mx\/index.php\/wp-json\/wp\/v2\/posts\/3267\/revisions"}],"predecessor-version":[{"id":3276,"href":"https:\/\/nvnoticias.mx\/index.php\/wp-json\/wp\/v2\/posts\/3267\/revisions\/3276"}],"wp:featuredmedia":[{"embeddable":true,"href":"https:\/\/nvnoticias.mx\/index.php\/wp-json\/wp\/v2\/media\/3269"}],"wp:attachment":[{"href":"https:\/\/nvnoticias.mx\/index.php\/wp-json\/wp\/v2\/media?parent=3267"}],"wp:term":[{"taxonomy":"category","embeddable":true,"href":"https:\/\/nvnoticias.mx\/index.php\/wp-json\/wp\/v2\/categories?post=3267"},{"taxonomy":"post_tag","embeddable":true,"href":"https:\/\/nvnoticias.mx\/index.php\/wp-json\/wp\/v2\/tags?post=3267"}],"curies":[{"name":"wp","href":"https:\/\/api.w.org\/{rel}","templated":true}]}}