{"id":32593,"date":"2021-12-01T18:08:11","date_gmt":"2021-12-02T00:08:11","guid":{"rendered":"https:\/\/nvnoticias.mx\/?p=32593"},"modified":"2021-12-01T18:08:13","modified_gmt":"2021-12-02T00:08:13","slug":"fuerzas-armadas-iniciaran-plan-de-distribucion-de-medicinas","status":"publish","type":"post","link":"https:\/\/nvnoticias.mx\/index.php\/2021\/12\/01\/fuerzas-armadas-iniciaran-plan-de-distribucion-de-medicinas\/","title":{"rendered":"Fuerzas Armadas iniciar\u00e1n plan de distribuci\u00f3n de medicinas"},"content":{"rendered":"\n<p>Durante el mensaje para celebrar sus tres a\u00f1os al frente del gobierno de M\u00e9xico, el presidente Andr\u00e9s Manuel L\u00f3pez Obrador asegur\u00f3 que en enero iniciar\u00e1 plan general de distribuci\u00f3n de medicinas, el cual estar\u00e1 a cargo de fuerzas armadas.  <\/p>\n\n\n\n<blockquote class=\"wp-block-quote is-layout-flow wp-block-quote-is-layout-flow\"><p>&#8220;Habr\u00e1 transporte terrestre y a\u00e9reo para hacer las medicinas a los hospitales y los centros de salud m\u00e1s apartados del pa\u00eds&#8221;, dijo el Presidente.  <\/p><\/blockquote>\n\n\n\n<p>Puntualiz\u00f3 que todo el personal m\u00e9dico que fue contratado para atender la crisis sanitaria por covid-19 mantendr\u00e1n su empleo, ya que busca que al final del gobierno el sistema de salud p\u00fablica permita que cualquier persona sea atendida.\u00a0 <\/p>\n\n\n\n<p>Destac\u00f3 que est\u00e1 en marcha el plan de formaci\u00f3n de m\u00e9dicos generales y se han ampliado las plazas para residente o especialistas, tambi\u00e9n se han abierto nuevos espacios de formaci\u00f3n en los hospitales de la Secretar\u00eda de Salud, IMSS, ISSSTE, Sedena y del Ej\u00e9rcito.\u00a0 <\/p>\n\n\n\n<blockquote class=\"wp-block-quote is-layout-flow wp-block-quote-is-layout-flow\"><p>&#8220;Estos nos ha permitido pasar de 8 mil m\u00e9dicos que se admitieron para especializaci\u00f3n en 2018 a 18 mil en 2021 y junto con becas que otorgaremos para hacer estudios en el extranjero, en 2024 el deficit de especialistas se reducir\u00e1 en 25 por ciento&#8221;, agreg\u00f3.  <\/p><\/blockquote>\n\n\n\n<p>Fuente: <a href=\"https:\/\/www.milenio.com\/politica\/enero-iniciara-plan-distribucion-medicinas-amlo\">Milenio<\/a><\/p>\n","protected":false},"excerpt":{"rendered":"<p>Durante el mensaje para celebrar sus tres a\u00f1os al frente del gobierno de M\u00e9xico, el presidente Andr\u00e9s Manuel L\u00f3pez Obrador asegur\u00f3 que en enero iniciar\u00e1 plan general de distribuci\u00f3n de medicinas, el cual estar\u00e1 a cargo de fuerzas armadas. &#8220;Habr\u00e1 transporte terrestre y a\u00e9reo para hacer las medicinas a los hospitales y los centros de [&hellip;]<\/p>\n","protected":false},"author":6,"featured_media":32594,"comment_status":"open","ping_status":"open","sticky":false,"template":"","format":"standard","meta":{"_monsterinsights_skip_tracking":false,"_monsterinsights_sitenote_active":false,"_monsterinsights_sitenote_note":"","_monsterinsights_sitenote_category":0,"footnotes":""},"categories":[157],"tags":[723,3971,162],"class_list":["post-32593","post","type-post","status-publish","format-standard","has-post-thumbnail","hentry","category-nacional","tag-fuerzas-armadas","tag-medicamentos","tag-portada","wp-image-borders"],"amp_enabled":true,"_links":{"self":[{"href":"https:\/\/nvnoticias.mx\/index.php\/wp-json\/wp\/v2\/posts\/32593","targetHints":{"allow":["GET"]}}],"collection":[{"href":"https:\/\/nvnoticias.mx\/index.php\/wp-json\/wp\/v2\/posts"}],"about":[{"href":"https:\/\/nvnoticias.mx\/index.php\/wp-json\/wp\/v2\/types\/post"}],"author":[{"embeddable":true,"href":"https:\/\/nvnoticias.mx\/index.php\/wp-json\/wp\/v2\/users\/6"}],"replies":[{"embeddable":true,"href":"https:\/\/nvnoticias.mx\/index.php\/wp-json\/wp\/v2\/comments?post=32593"}],"version-history":[{"count":1,"href":"https:\/\/nvnoticias.mx\/index.php\/wp-json\/wp\/v2\/posts\/32593\/revisions"}],"predecessor-version":[{"id":32595,"href":"https:\/\/nvnoticias.mx\/index.php\/wp-json\/wp\/v2\/posts\/32593\/revisions\/32595"}],"wp:featuredmedia":[{"embeddable":true,"href":"https:\/\/nvnoticias.mx\/index.php\/wp-json\/wp\/v2\/media\/32594"}],"wp:attachment":[{"href":"https:\/\/nvnoticias.mx\/index.php\/wp-json\/wp\/v2\/media?parent=32593"}],"wp:term":[{"taxonomy":"category","embeddable":true,"href":"https:\/\/nvnoticias.mx\/index.php\/wp-json\/wp\/v2\/categories?post=32593"},{"taxonomy":"post_tag","embeddable":true,"href":"https:\/\/nvnoticias.mx\/index.php\/wp-json\/wp\/v2\/tags?post=32593"}],"curies":[{"name":"wp","href":"https:\/\/api.w.org\/{rel}","templated":true}]}}