{"id":32553,"date":"2021-12-01T12:31:47","date_gmt":"2021-12-01T18:31:47","guid":{"rendered":"https:\/\/nvnoticias.mx\/?p=32553"},"modified":"2021-12-01T12:31:48","modified_gmt":"2021-12-01T18:31:48","slug":"piden-incluir-carrera-de-quimico-clinico-en-el-catalogo-sectorial-de-puestos","status":"publish","type":"post","link":"https:\/\/nvnoticias.mx\/index.php\/2021\/12\/01\/piden-incluir-carrera-de-quimico-clinico-en-el-catalogo-sectorial-de-puestos\/","title":{"rendered":"Piden incluir carrera de Qu\u00edmico Cl\u00ednico en el cat\u00e1logo sectorial de puestos"},"content":{"rendered":"\n<p><strong>Jes\u00fas Utrilla | NV Noticias<\/strong><br>Veracruz.- Personal del Laboratorio Estatal de Salud P\u00fablica exigieron a las Secretar\u00edas de Salud Federal y Estatal incluir la carrera de Qu\u00edmico Cl\u00ednico en el cat\u00e1logo sectorial de puestos dentro de la instituci\u00f3n.<div><br>Dami\u00e1n Hern\u00e1ndez, uno de los manifestantes, se\u00f1al\u00f3 que algunos trabajadores tienen m\u00e1s de 14 a\u00f1os trabajando como qu\u00edmicos en el Laboratorio Estatal y no son tomados en cuesta en el escalaf\u00f3n de puestos.<\/div><\/p>\n\n\n\n<p><div>\u201cSon las funciones que hacemos como qu\u00edmicos, estamos al frente de la pandemia, al frente de todo, hacemos todos los estudios de laboratorios sin importar que no nos tengan como qu\u00edmicos. De entrada nos dan mejor, si estudiamos para qu\u00edmicos porque estar de Tecnico laboratorista, obviamente el reconocimiento viene con la remuneraci\u00f3n\u201d.<\/div><\/p>\n\n\n\n<p><div>Los manifestantes se plantaron frente al Laboratorio Estatal de Salud y posteriormente en la avenida 20 de Noviembre, frente al Hospital Regional.<\/div><\/p>\n\n\n\n<p><div>Manifest\u00f3 que los tienen contratados como t\u00e9cnicos qu\u00edmicos, pero cuentan con t\u00edtulos y c\u00e9dula profesional.<\/div><\/p>\n\n\n\n<blockquote class=\"wp-block-quote is-layout-flow wp-block-quote-is-layout-flow\"><p><div>\u201cEstamos contratados como qu\u00edmicos, tengo mi t\u00edtulo, mi c\u00e9dula, pero cuando Alcanzas una base te contratan como t\u00e9cnico laboratorista, en una excepci\u00f3n que se llama escalaf\u00f3n y a quienes ya piden su reclasificaci\u00f3n se les inform\u00f3 que no pueden porque no estamos en el cat\u00e1logo de puestos\u201d.<\/div><\/p><\/blockquote>\n","protected":false},"excerpt":{"rendered":"<p>Jes\u00fas Utrilla | NV NoticiasVeracruz.- Personal del Laboratorio Estatal de Salud P\u00fablica exigieron a las Secretar\u00edas de Salud Federal y Estatal incluir la carrera de Qu\u00edmico Cl\u00ednico en el cat\u00e1logo sectorial de puestos dentro de la instituci\u00f3n. Dami\u00e1n Hern\u00e1ndez, uno de los manifestantes, se\u00f1al\u00f3 que algunos trabajadores tienen m\u00e1s de 14 a\u00f1os trabajando como qu\u00edmicos [&hellip;]<\/p>\n","protected":false},"author":6,"featured_media":32556,"comment_status":"open","ping_status":"open","sticky":false,"template":"","format":"standard","meta":{"_monsterinsights_skip_tracking":false,"_monsterinsights_sitenote_active":false,"_monsterinsights_sitenote_note":"","_monsterinsights_sitenote_category":0,"footnotes":""},"categories":[154],"tags":[7544],"class_list":["post-32553","post","type-post","status-publish","format-standard","has-post-thumbnail","hentry","category-veracruz","tag-quimico-clinico","wp-image-borders"],"amp_enabled":true,"_links":{"self":[{"href":"https:\/\/nvnoticias.mx\/index.php\/wp-json\/wp\/v2\/posts\/32553","targetHints":{"allow":["GET"]}}],"collection":[{"href":"https:\/\/nvnoticias.mx\/index.php\/wp-json\/wp\/v2\/posts"}],"about":[{"href":"https:\/\/nvnoticias.mx\/index.php\/wp-json\/wp\/v2\/types\/post"}],"author":[{"embeddable":true,"href":"https:\/\/nvnoticias.mx\/index.php\/wp-json\/wp\/v2\/users\/6"}],"replies":[{"embeddable":true,"href":"https:\/\/nvnoticias.mx\/index.php\/wp-json\/wp\/v2\/comments?post=32553"}],"version-history":[{"count":1,"href":"https:\/\/nvnoticias.mx\/index.php\/wp-json\/wp\/v2\/posts\/32553\/revisions"}],"predecessor-version":[{"id":32557,"href":"https:\/\/nvnoticias.mx\/index.php\/wp-json\/wp\/v2\/posts\/32553\/revisions\/32557"}],"wp:featuredmedia":[{"embeddable":true,"href":"https:\/\/nvnoticias.mx\/index.php\/wp-json\/wp\/v2\/media\/32556"}],"wp:attachment":[{"href":"https:\/\/nvnoticias.mx\/index.php\/wp-json\/wp\/v2\/media?parent=32553"}],"wp:term":[{"taxonomy":"category","embeddable":true,"href":"https:\/\/nvnoticias.mx\/index.php\/wp-json\/wp\/v2\/categories?post=32553"},{"taxonomy":"post_tag","embeddable":true,"href":"https:\/\/nvnoticias.mx\/index.php\/wp-json\/wp\/v2\/tags?post=32553"}],"curies":[{"name":"wp","href":"https:\/\/api.w.org\/{rel}","templated":true}]}}