{"id":32384,"date":"2021-11-30T08:44:47","date_gmt":"2021-11-30T14:44:47","guid":{"rendered":"https:\/\/nvnoticias.mx\/?p=32384"},"modified":"2021-11-30T08:46:03","modified_gmt":"2021-11-30T14:46:03","slug":"modifica-gobierno-de-guerrero-escudo-nacional","status":"publish","type":"post","link":"https:\/\/nvnoticias.mx\/index.php\/2021\/11\/30\/modifica-gobierno-de-guerrero-escudo-nacional\/","title":{"rendered":"Modifica Gobierno de Guerrero Escudo Nacional"},"content":{"rendered":"\n<p>Este lunes, la gobernadora de Guerrero, Evelyn Salgado, ofreci\u00f3 una conferencia de prensa en la que utiliz\u00f3 de fondo la imagen de la bandera de M\u00e9xico con el Escudo Nacional modificado. <\/p>\n\n\n\n<p>En lugar del \u00e1guila de perfil, el s\u00edmbolo nacional se observa de frente devorando a una serpiente que en su ca\u00edda forma una &#8220;S&#8221;, la cual queda justamente sobre la mandataria. <\/p>\n\n\n\n<p>De acuerdo al art\u00edculo 2\u00b0 de la Ley sobre el Escudo, la Bandera y el Himno Nacional, el \u00e1guila mexicana debe ir con &#8220;el perfil izquierdo expuesto, la parte superior de las alas en un nivel m\u00e1s alto que el penacho y ligeramente desplegadas en actitud de combate&#8221; y &#8220;la serpiente curvada, de modo que armonice con el conjunto&#8221;. <\/p>\n\n\n\n<p>Adem\u00e1s, el art\u00edculo quinto de la misma ley prev\u00e9: &#8220;Toda reproducci\u00f3n del Escudo Nacional deber\u00e1 corresponder fielmente al modelo a que se refiere el Art\u00edculo 2o. de esta Ley, el cual no podr\u00e1 variarse o alterarse bajo ninguna circunstancia&#8221;. <\/p>\n\n\n\n<p>El hecho difundido en la cuenta de Facebook oficial del gobierno, despert\u00f3 reacciones en redes sociales, subrayando la alteraci\u00f3n y presumiendo que es un intento de posicionar la primera letra del apellido de la gobernadora. <\/p>\n\n\n\n<p>Fuente: <a href=\"https:\/\/www.milenio.com\/politica\/gobierno-de-guerrero-modifica-el-escudo-nacional\">Milenio<\/a><\/p>\n","protected":false},"excerpt":{"rendered":"<p>Este lunes, la gobernadora de Guerrero, Evelyn Salgado, ofreci\u00f3 una conferencia de prensa en la que utiliz\u00f3 de fondo la imagen de la bandera de M\u00e9xico con el Escudo Nacional modificado. En lugar del \u00e1guila de perfil, el s\u00edmbolo nacional se observa de frente devorando a una serpiente que en su ca\u00edda forma una &#8220;S&#8221;, [&hellip;]<\/p>\n","protected":false},"author":6,"featured_media":32386,"comment_status":"open","ping_status":"open","sticky":false,"template":"","format":"standard","meta":{"_monsterinsights_skip_tracking":false,"_monsterinsights_sitenote_active":false,"_monsterinsights_sitenote_note":"","_monsterinsights_sitenote_category":0,"footnotes":""},"categories":[158],"tags":[7504,2231],"class_list":["post-32384","post","type-post","status-publish","format-standard","has-post-thumbnail","hentry","category-politica","tag-escudo-nacional","tag-guerrero","wp-image-borders"],"amp_enabled":true,"_links":{"self":[{"href":"https:\/\/nvnoticias.mx\/index.php\/wp-json\/wp\/v2\/posts\/32384","targetHints":{"allow":["GET"]}}],"collection":[{"href":"https:\/\/nvnoticias.mx\/index.php\/wp-json\/wp\/v2\/posts"}],"about":[{"href":"https:\/\/nvnoticias.mx\/index.php\/wp-json\/wp\/v2\/types\/post"}],"author":[{"embeddable":true,"href":"https:\/\/nvnoticias.mx\/index.php\/wp-json\/wp\/v2\/users\/6"}],"replies":[{"embeddable":true,"href":"https:\/\/nvnoticias.mx\/index.php\/wp-json\/wp\/v2\/comments?post=32384"}],"version-history":[{"count":1,"href":"https:\/\/nvnoticias.mx\/index.php\/wp-json\/wp\/v2\/posts\/32384\/revisions"}],"predecessor-version":[{"id":32385,"href":"https:\/\/nvnoticias.mx\/index.php\/wp-json\/wp\/v2\/posts\/32384\/revisions\/32385"}],"wp:featuredmedia":[{"embeddable":true,"href":"https:\/\/nvnoticias.mx\/index.php\/wp-json\/wp\/v2\/media\/32386"}],"wp:attachment":[{"href":"https:\/\/nvnoticias.mx\/index.php\/wp-json\/wp\/v2\/media?parent=32384"}],"wp:term":[{"taxonomy":"category","embeddable":true,"href":"https:\/\/nvnoticias.mx\/index.php\/wp-json\/wp\/v2\/categories?post=32384"},{"taxonomy":"post_tag","embeddable":true,"href":"https:\/\/nvnoticias.mx\/index.php\/wp-json\/wp\/v2\/tags?post=32384"}],"curies":[{"name":"wp","href":"https:\/\/api.w.org\/{rel}","templated":true}]}}