{"id":32321,"date":"2021-11-29T11:58:06","date_gmt":"2021-11-29T17:58:06","guid":{"rendered":"https:\/\/nvnoticias.mx\/?p=32321"},"modified":"2021-11-29T12:53:50","modified_gmt":"2021-11-29T18:53:50","slug":"exportuarios-marcharan-en-veracruz-y-en-la-ciudad-de-mexico","status":"publish","type":"post","link":"https:\/\/nvnoticias.mx\/index.php\/2021\/11\/29\/exportuarios-marcharan-en-veracruz-y-en-la-ciudad-de-mexico\/","title":{"rendered":"Exportuarios marchar\u00e1n en Veracruz y en la Ciudad de M\u00e9xico"},"content":{"rendered":"\n<p><strong>Jes\u00fas&nbsp;Utrilla&nbsp;| NV Noticias<\/strong>&nbsp;<\/p>\n\n\n\n<p>Veracruz. \u2013&nbsp;&nbsp;Alejandro Pulido Cueto, apoderado legal de la Uni\u00f3n de Estibadores, la Uni\u00f3n de Checadores y el Sindicato de Maniobristas, inform\u00f3 que extrabajadores portuarios se manifestar\u00e1n el 1 de diciembre, primero en Veracruz y luego en la Ciudad de M\u00e9xico.&nbsp;<\/p>\n\n\n\n<p>&nbsp;Solicitar\u00e1n que les den una pronta resoluci\u00f3n ante la exigencia de que les regresen inmuebles y cuentas, que les fueron arrebatadas con la requisa del puerto.&nbsp;<\/p>\n\n\n\n<blockquote class=\"wp-block-quote is-layout-flow wp-block-quote-is-layout-flow\"><p>&nbsp;\u201cVamos a hacer una marcha el 1 de diciembre que va a iniciar aqu\u00ed en Veracruz. Vamos a salir del edificio de Prim y vamos a ir a M\u00e9xico. Van a ir nuestros compa\u00f1eros en silla de ruedas y todos los enfermos. Vamos a llevarles ambulancias porque queremos que esto se resuelva, estamos cansado\u201d.&nbsp;<\/p><\/blockquote>\n\n\n\n<p>&nbsp;A su parecer el proceso es lento y se necesita una respuesta inmediata.&nbsp;<\/p>\n\n\n\n<p>&nbsp;Adem\u00e1s&nbsp;de la devoluci\u00f3n de inmuebles, solicitaron cuentas bancarias, el pago de los movimientos que hicieron con el usufructo de sus edificios y prestaciones diversas.&nbsp;<\/p>\n\n\n\n<blockquote class=\"wp-block-quote is-layout-flow wp-block-quote-is-layout-flow\"><p>&nbsp;\u201cEs una necesidad que nuestros compa\u00f1eros reciban lo que nos corresponde. No estamos pidiendo nada, solamente queremos que nos resuelvan lo que es nuestro\u201d.&nbsp;<\/p><\/blockquote>\n\n\n\n<p>Se\u00f1al\u00f3 que el plant\u00f3n se llevar\u00e1&nbsp;a cabo&nbsp;en la ciudad de M\u00e9xico para pedir celeridad a las autoridades.<\/p>\n","protected":false},"excerpt":{"rendered":"<p>Jes\u00fas&nbsp;Utrilla&nbsp;| NV Noticias&nbsp; Veracruz. \u2013&nbsp;&nbsp;Alejandro Pulido Cueto, apoderado legal de la Uni\u00f3n de Estibadores, la Uni\u00f3n de Checadores y el Sindicato de Maniobristas, inform\u00f3 que extrabajadores portuarios se manifestar\u00e1n el 1 de diciembre, primero en Veracruz y luego en la Ciudad de M\u00e9xico.&nbsp; &nbsp;Solicitar\u00e1n que les den una pronta resoluci\u00f3n ante la exigencia de que [&hellip;]<\/p>\n","protected":false},"author":6,"featured_media":32323,"comment_status":"open","ping_status":"open","sticky":false,"template":"","format":"standard","meta":{"_monsterinsights_skip_tracking":false,"_monsterinsights_sitenote_active":false,"_monsterinsights_sitenote_note":"","_monsterinsights_sitenote_category":0,"footnotes":""},"categories":[154],"tags":[1820,7495,1507,180],"class_list":["post-32321","post","type-post","status-publish","format-standard","has-post-thumbnail","hentry","category-veracruz","tag-ciudad-de-mexico","tag-exportiarios","tag-marcha","tag-veracruz","wp-image-borders"],"amp_enabled":true,"_links":{"self":[{"href":"https:\/\/nvnoticias.mx\/index.php\/wp-json\/wp\/v2\/posts\/32321","targetHints":{"allow":["GET"]}}],"collection":[{"href":"https:\/\/nvnoticias.mx\/index.php\/wp-json\/wp\/v2\/posts"}],"about":[{"href":"https:\/\/nvnoticias.mx\/index.php\/wp-json\/wp\/v2\/types\/post"}],"author":[{"embeddable":true,"href":"https:\/\/nvnoticias.mx\/index.php\/wp-json\/wp\/v2\/users\/6"}],"replies":[{"embeddable":true,"href":"https:\/\/nvnoticias.mx\/index.php\/wp-json\/wp\/v2\/comments?post=32321"}],"version-history":[{"count":2,"href":"https:\/\/nvnoticias.mx\/index.php\/wp-json\/wp\/v2\/posts\/32321\/revisions"}],"predecessor-version":[{"id":32344,"href":"https:\/\/nvnoticias.mx\/index.php\/wp-json\/wp\/v2\/posts\/32321\/revisions\/32344"}],"wp:featuredmedia":[{"embeddable":true,"href":"https:\/\/nvnoticias.mx\/index.php\/wp-json\/wp\/v2\/media\/32323"}],"wp:attachment":[{"href":"https:\/\/nvnoticias.mx\/index.php\/wp-json\/wp\/v2\/media?parent=32321"}],"wp:term":[{"taxonomy":"category","embeddable":true,"href":"https:\/\/nvnoticias.mx\/index.php\/wp-json\/wp\/v2\/categories?post=32321"},{"taxonomy":"post_tag","embeddable":true,"href":"https:\/\/nvnoticias.mx\/index.php\/wp-json\/wp\/v2\/tags?post=32321"}],"curies":[{"name":"wp","href":"https:\/\/api.w.org\/{rel}","templated":true}]}}