{"id":32243,"date":"2021-11-28T14:15:32","date_gmt":"2021-11-28T20:15:32","guid":{"rendered":"https:\/\/nvnoticias.mx\/?p=32243"},"modified":"2021-11-28T14:15:33","modified_gmt":"2021-11-28T20:15:33","slug":"podria-rbd-cancelar-la-gira-que-los-regresaria-a-los-escenarios","status":"publish","type":"post","link":"https:\/\/nvnoticias.mx\/index.php\/2021\/11\/28\/podria-rbd-cancelar-la-gira-que-los-regresaria-a-los-escenarios\/","title":{"rendered":"Podr\u00eda RBD cancelar la gira que los regresar\u00eda a los escenarios"},"content":{"rendered":"\n<p>A casi dos meses de que de inicio a la gira que regresar\u00eda a los escenarios a una de las bandas que marc\u00f3 toda a una generaci\u00f3n en M\u00e9xico y en varios pa\u00edses de Am\u00e9rica Latina, esta podr\u00eda estar cancelada debido a que&nbsp;<strong>uno de sus integrantes decidi\u00f3 no vacunarse en contra del COVID-19.<\/strong><\/p>\n\n\n\n<p>Durante el programa\u00a0<em>Con Permiso<\/em>, conducido por<strong>\u00a0Martha Figueroa y Jos\u00e9 \u2018Pepillo\u2019 Origel,<\/strong>\u00a0la presentadora inform\u00f3 que podr\u00eda no llevarse a cabo la gira, ya que la cantante\u00a0<strong>Anah\u00ed<\/strong>\u00a0<strong>quiere que todos se vacunen contra de dicho virus<\/strong>, sin embargo, en meses pasados, Christopher Uckermann asegur\u00f3 que\u00a0<strong>ni \u00e9l ni su familia acceder\u00e1n a ning\u00fan tipo de vacuna sin importar su pa\u00eds de origen<\/strong>.<\/p>\n\n\n\n<p>\u201cDebemos cuidar a toda la gente de la tercera edad. No hay que dejarlos atr\u00e1s&#8230;<strong>&nbsp;No (me voy a vacunar), no creo en la vacuna, te soy honesto, creo que puede ser peor que el COVID en s\u00ed<\/strong>. Yo soy alguien que personalmente no cree en las vacunas\u201d expres\u00f3 contundentemente el cantante, cuyas declaraciones fueron captadas por la c\u00e1mara del reportero Ed\u00e9n Dorantes.<\/p>\n\n\n\n<p>Christopher coment\u00f3 que de ni\u00f1o s\u00ed le aplicaron varias vacunas, sin embargo, el actor de<em>\u00a0Rebelde\u00a0<\/em>reiter\u00f3 que no cree en ellas al igual que su familia. Se\u00f1al\u00f3 que de hecho conf\u00eda m\u00e1s en los medicamentos naturales: \u201cLas que me pusieron de chico, porque me las pusieron, pero<strong>\u00a0hoy en d\u00eda yo creo mucho en lo natural, de hecho apoyo la alimentaci\u00f3n natural y definitivamente yo no me vacunar\u00eda<\/strong>. Nadie (de su familia) se va a vacunar\u201d, indic\u00f3 a finales de febrero.<\/p>\n\n\n\n<p>Sin embargo eso no es todo, ya que luego de que convencieran a<a href=\"https:\/\/www.infobae.com\/america\/mexico\/2021\/11\/28\/tan-indefensa-y-tan-fuerte-a-la-vez-dulce-maria-dedico-conmovedoras-palabras-a-su-hija\/\" target=\"_blank\" rel=\"noreferrer noopener\"><strong>&nbsp;Dulce Mar\u00eda<\/strong>&nbsp;<\/a>de ser parte del reencuentro y de la gira, seg\u00fan Figueroa,&nbsp;<strong>ella estar\u00eda en contra de que los traslados de pa\u00eds a pa\u00eds se hicieran por v\u00eda a\u00e9rea<\/strong>, ya que prefiere que todo se haga v\u00eda terrestre.<\/p>\n\n\n\n<p>Cabe mencionar que durante el mes de agosto, el periodista de espect\u00e1culos Alex Kaffie destap\u00f3 en su columna&nbsp;<em>Sin lisonja<\/em>&nbsp;que&nbsp;<strong>Dulce Mar\u00eda acept\u00f3 ingresar al ambicioso proyecto porque \u201cle llegaron al precio\u201d<\/strong>&nbsp;y, aunque no destap\u00f3 la supuestamente cuantiosa suma que le habr\u00edan de ofrecer a la tambi\u00e9n actriz, coment\u00f3 que el anuncio oficial de su reincorporaci\u00f3n a la banda.<\/p>\n\n\n\n<p>\u201cLe llegaron al precio.\u00a0<strong>Con mucho dinero fue convencida Dulce Mar\u00eda para que se una al reencuentro de RBD<\/strong>. Ella que no particip\u00f3 en el concierto donde la agrupaci\u00f3n se volvi\u00f3 a reunir \u00a1por fin ha aflojado el codiciado s\u00ed acepto\u2019!\u201d, redact\u00f3 Alex Kaffie en ese entonces.<\/p>\n\n\n\n<p>Luego de que se llevara a cabo un concierto en streaming en donde Anah\u00ed, Uckermann, Perroni y Ch\u00e1vez volvieran a entonar los temas que los catapult\u00f3 a la fama, se empez\u00f3 a difundir varias versiones del por qu\u00e9 no particip\u00f3 Dulce Mar\u00eda, pues unos meses despu\u00e9s del evento,&nbsp;<strong>ella revel\u00f3 que sus compa\u00f1eros de banda dejaron de hablarle tras su negativa a participar en dicha transmisi\u00f3n.<\/strong><\/p>\n\n\n\n<p>La cantante dej\u00f3 entrever una ruptura con sus compa\u00f1eros de RBD, pues cont\u00f3 que en su momento<strong>&nbsp;les envi\u00f3 un mensaje de audio extenso explicando sus razones para no ser parte de este reencuentro<\/strong>, pero nadie le respondi\u00f3.<\/p>\n\n\n\n<p>\u201c<strong>La \u00faltima vez que hable con ellos fue cuando les dije que no iba a participar, que les mand\u00e9 un mensaje de diez minutos y ya nadie me contest\u00f3<\/strong>, donde yo tambi\u00e9n esperaba este apoyo y esta empat\u00eda, y despu\u00e9s de tanto tiempo y en un momento tan importante para m\u00ed que era mi embarazo. Entonces ya de ah\u00ed la verdad es que no, no he sabido (nada de ellos), no he podido hablar con esta cercan\u00eda\u201d, dijo.<\/p>\n\n\n\n<p>Fuente: Infobae<\/p>\n","protected":false},"excerpt":{"rendered":"<p>A casi dos meses de que de inicio a la gira que regresar\u00eda a los escenarios a una de las bandas que marc\u00f3 toda a una generaci\u00f3n en M\u00e9xico y en varios pa\u00edses de Am\u00e9rica Latina, esta podr\u00eda estar cancelada debido a que&nbsp;uno de sus integrantes decidi\u00f3 no vacunarse en contra del COVID-19. Durante el [&hellip;]<\/p>\n","protected":false},"author":35,"featured_media":32245,"comment_status":"open","ping_status":"open","sticky":false,"template":"","format":"standard","meta":{"_monsterinsights_skip_tracking":false,"_monsterinsights_sitenote_active":false,"_monsterinsights_sitenote_note":"","_monsterinsights_sitenote_category":0,"footnotes":""},"categories":[576],"tags":[7477,7479,7478,1879],"class_list":["post-32243","post","type-post","status-publish","format-standard","has-post-thumbnail","hentry","category-ocio","tag-anahi","tag-christopher-uckermann","tag-dulce-maria","tag-rbd","wp-image-borders"],"amp_enabled":true,"_links":{"self":[{"href":"https:\/\/nvnoticias.mx\/index.php\/wp-json\/wp\/v2\/posts\/32243","targetHints":{"allow":["GET"]}}],"collection":[{"href":"https:\/\/nvnoticias.mx\/index.php\/wp-json\/wp\/v2\/posts"}],"about":[{"href":"https:\/\/nvnoticias.mx\/index.php\/wp-json\/wp\/v2\/types\/post"}],"author":[{"embeddable":true,"href":"https:\/\/nvnoticias.mx\/index.php\/wp-json\/wp\/v2\/users\/35"}],"replies":[{"embeddable":true,"href":"https:\/\/nvnoticias.mx\/index.php\/wp-json\/wp\/v2\/comments?post=32243"}],"version-history":[{"count":1,"href":"https:\/\/nvnoticias.mx\/index.php\/wp-json\/wp\/v2\/posts\/32243\/revisions"}],"predecessor-version":[{"id":32246,"href":"https:\/\/nvnoticias.mx\/index.php\/wp-json\/wp\/v2\/posts\/32243\/revisions\/32246"}],"wp:featuredmedia":[{"embeddable":true,"href":"https:\/\/nvnoticias.mx\/index.php\/wp-json\/wp\/v2\/media\/32245"}],"wp:attachment":[{"href":"https:\/\/nvnoticias.mx\/index.php\/wp-json\/wp\/v2\/media?parent=32243"}],"wp:term":[{"taxonomy":"category","embeddable":true,"href":"https:\/\/nvnoticias.mx\/index.php\/wp-json\/wp\/v2\/categories?post=32243"},{"taxonomy":"post_tag","embeddable":true,"href":"https:\/\/nvnoticias.mx\/index.php\/wp-json\/wp\/v2\/tags?post=32243"}],"curies":[{"name":"wp","href":"https:\/\/api.w.org\/{rel}","templated":true}]}}