{"id":32167,"date":"2021-11-27T13:52:20","date_gmt":"2021-11-27T19:52:20","guid":{"rendered":"https:\/\/nvnoticias.mx\/?p=32167"},"modified":"2021-11-27T13:52:21","modified_gmt":"2021-11-27T19:52:21","slug":"vacuna-para-menores-de-15-a-17-anos-se-aplicara-en-53-municipios","status":"publish","type":"post","link":"https:\/\/nvnoticias.mx\/index.php\/2021\/11\/27\/vacuna-para-menores-de-15-a-17-anos-se-aplicara-en-53-municipios\/","title":{"rendered":"Vacuna para menores de 15 a 17 a\u00f1os se aplicar\u00e1 en 53 municipios"},"content":{"rendered":"\n<p><strong>Sam Ojeda | NV Noticias<\/strong><\/p>\n\n\n\n<p>Xalapa.- El delegado del Bienestar, Manuel Huerta Ladr\u00f3n de Guevara, dijo que la vacunaci\u00f3n contra el covid-19 para la poblaci\u00f3n de 15 a 17 a\u00f1os iniciar\u00e1 con 53 municipios.<\/p>\n\n\n\n<p>En la zona de Veracruz y Boca del R\u00edo ya inici\u00f3 el proceso y este s\u00e1bado tambi\u00e9n ocurri\u00f3 en Orizaba; en el caso de Xalapa ser\u00e1 a partir del lunes.<\/p>\n\n\n\n<p>Los m\u00f3dulos que se instalar\u00e1n en estos municipios servir\u00e1n para aplicar la vacuna de manera primordial a aquellos adultos que no la hayan recibido cuando les tocaba.<\/p>\n\n\n\n<blockquote class=\"wp-block-quote is-layout-flow wp-block-quote-is-layout-flow\"><p>\u201cEstamos iniciando 53 municipios, pero lo m\u00e1s importante es que estos puntos de vacunaci\u00f3n son polivalentes; es decir, que no solo se vacunan a los j\u00f3venes, no es la prioridad, sino la poblaci\u00f3n que no se ha vacunado. Es prioridad la segunda dosis y est\u00e1 abierto para los que faltaron a su segunda dosis de Astra-Zeneca, Sinovac, y Pfizer\u201d.<\/p><\/blockquote>\n\n\n\n<p>Record\u00f3 que en Mart\u00ednez De la Torre empez\u00f3 el viernes, en C\u00f3rdoba inici\u00f3 este s\u00e1bado y las jornadas se prolongar\u00e1n hasta el pr\u00f3ximo 29; en Tuxpan y Orizaba del 28 al 30 de noviembre y en P\u00e1nuco, Misantla, Camerino Z. Mendoza, Coatzalcoalcos del 29 al 30.<\/p>\n\n\n\n<p>Manuel Huerta Ladr\u00f3n de Guevara agreg\u00f3 que el factor de riesgo de los menores de edad ante el covid-19 es \u201cmuy peque\u00f1o\u201d pero que al existir la posibilidad de prevenir se decide aplicar la dosis.<\/p>\n","protected":false},"excerpt":{"rendered":"<p>Sam Ojeda | NV Noticias Xalapa.- El delegado del Bienestar, Manuel Huerta Ladr\u00f3n de Guevara, dijo que la vacunaci\u00f3n contra el covid-19 para la poblaci\u00f3n de 15 a 17 a\u00f1os iniciar\u00e1 con 53 municipios. En la zona de Veracruz y Boca del R\u00edo ya inici\u00f3 el proceso y este s\u00e1bado tambi\u00e9n ocurri\u00f3 en Orizaba; en [&hellip;]<\/p>\n","protected":false},"author":6,"featured_media":32168,"comment_status":"open","ping_status":"open","sticky":false,"template":"","format":"standard","meta":{"_monsterinsights_skip_tracking":false,"_monsterinsights_sitenote_active":false,"_monsterinsights_sitenote_note":"","_monsterinsights_sitenote_category":0,"footnotes":""},"categories":[156],"tags":[2693,175,162,217],"class_list":["post-32167","post","type-post","status-publish","format-standard","has-post-thumbnail","hentry","category-estado","tag-adolescentes","tag-covid-19","tag-portada","tag-vacuna","wp-image-borders"],"amp_enabled":true,"_links":{"self":[{"href":"https:\/\/nvnoticias.mx\/index.php\/wp-json\/wp\/v2\/posts\/32167","targetHints":{"allow":["GET"]}}],"collection":[{"href":"https:\/\/nvnoticias.mx\/index.php\/wp-json\/wp\/v2\/posts"}],"about":[{"href":"https:\/\/nvnoticias.mx\/index.php\/wp-json\/wp\/v2\/types\/post"}],"author":[{"embeddable":true,"href":"https:\/\/nvnoticias.mx\/index.php\/wp-json\/wp\/v2\/users\/6"}],"replies":[{"embeddable":true,"href":"https:\/\/nvnoticias.mx\/index.php\/wp-json\/wp\/v2\/comments?post=32167"}],"version-history":[{"count":1,"href":"https:\/\/nvnoticias.mx\/index.php\/wp-json\/wp\/v2\/posts\/32167\/revisions"}],"predecessor-version":[{"id":32169,"href":"https:\/\/nvnoticias.mx\/index.php\/wp-json\/wp\/v2\/posts\/32167\/revisions\/32169"}],"wp:featuredmedia":[{"embeddable":true,"href":"https:\/\/nvnoticias.mx\/index.php\/wp-json\/wp\/v2\/media\/32168"}],"wp:attachment":[{"href":"https:\/\/nvnoticias.mx\/index.php\/wp-json\/wp\/v2\/media?parent=32167"}],"wp:term":[{"taxonomy":"category","embeddable":true,"href":"https:\/\/nvnoticias.mx\/index.php\/wp-json\/wp\/v2\/categories?post=32167"},{"taxonomy":"post_tag","embeddable":true,"href":"https:\/\/nvnoticias.mx\/index.php\/wp-json\/wp\/v2\/tags?post=32167"}],"curies":[{"name":"wp","href":"https:\/\/api.w.org\/{rel}","templated":true}]}}