{"id":32161,"date":"2021-11-27T12:33:58","date_gmt":"2021-11-27T18:33:58","guid":{"rendered":"https:\/\/nvnoticias.mx\/?p=32161"},"modified":"2021-11-27T12:33:59","modified_gmt":"2021-11-27T18:33:59","slug":"morena-crece-en-militancia-niegan-division-interna","status":"publish","type":"post","link":"https:\/\/nvnoticias.mx\/index.php\/2021\/11\/27\/morena-crece-en-militancia-niegan-division-interna\/","title":{"rendered":"Morena crece en militancia; niegan divisi\u00f3n interna"},"content":{"rendered":"\n<p><strong>Jes\u00fas Utrilla | NV Noticias<\/strong><\/p>\n\n\n\n<p>Luego de que Morena re\u00fana firmas para la Consulta Popular de la Revocaci\u00f3n de Mandato retomar\u00e1n la comprobaci\u00f3n del padr\u00f3n correspondiente al organismo electoral.<\/p>\n\n\n\n<p>La secretaria de Organizaci\u00f3n del Comit\u00e9 Ejecutivo Nacional del Movimiento de Regeneraci\u00f3n Nacional, X\u00f3chitl Zagal Ramirez, aclar\u00f3 que todos se afilian de forma libre, voluntaria e individual.<\/p>\n\n\n\n<p>No hay cuotas de poder y quienes se afilian es porque comparten ideas.<\/p>\n\n\n\n<p>Morena deber\u00e1 comprobar el n\u00famero de militantes y a la vez buscar\u00e1 aumentar el n\u00famero de ellos.<\/p>\n\n\n\n<p>Admiti\u00f3 que no ocasiones se diferencia entre los militantes, sin embargo, es v\u00e1lido y al final se busca caminar en busca de un mismo objetivo.<\/p>\n\n\n\n<blockquote class=\"wp-block-quote is-layout-flow wp-block-quote-is-layout-flow\"><p>\u201cAqu\u00ed no se calla a nadie todos son libres de opinar. Siempre que crecemos hay alguna situaci\u00f3n de discordancia al inicio. Veracruz es un pueblo muy combativo y pondr\u00e1 por encima de los intereses personales los nacionales\u201d.<\/p><\/blockquote>\n\n\n\n<p>Aclar\u00f3 tambi\u00e9n que el partido est\u00e1 abierto a todo aquel que busque sumarse a la estrategia de cambio en el pa\u00eds, esto en respuesta a quejas de militantes respecto a que se ha permitido la incursi\u00f3n de expriistas e<br>exintegrantes de otros organismos pol\u00edticos.<\/p>\n\n\n\n<blockquote class=\"wp-block-quote is-layout-flow wp-block-quote-is-layout-flow\"><p>\u201cLos fundadores tenemos capacidad de comprender los procesos al interior y no hay forma de coartar la participaci\u00f3n. Hay principios y art\u00edculos\u201d.<\/p><\/blockquote>\n\n\n\n<p>Zagal Ram\u00edrez se reuni\u00f3 en Veracruz con consejeros estatales y nacionales para abordar diversos temas como la Consulta Popular.<\/p>\n\n\n\n<p>Tambi\u00e9n inform\u00f3 sobre los beneficios de la Reforma El\u00e9ctrica, que se plantea para el pa\u00eds.<\/p>\n","protected":false},"excerpt":{"rendered":"<p>Jes\u00fas Utrilla | NV Noticias Luego de que Morena re\u00fana firmas para la Consulta Popular de la Revocaci\u00f3n de Mandato retomar\u00e1n la comprobaci\u00f3n del padr\u00f3n correspondiente al organismo electoral. La secretaria de Organizaci\u00f3n del Comit\u00e9 Ejecutivo Nacional del Movimiento de Regeneraci\u00f3n Nacional, X\u00f3chitl Zagal Ramirez, aclar\u00f3 que todos se afilian de forma libre, voluntaria e [&hellip;]<\/p>\n","protected":false},"author":6,"featured_media":32162,"comment_status":"open","ping_status":"open","sticky":false,"template":"","format":"standard","meta":{"_monsterinsights_skip_tracking":false,"_monsterinsights_sitenote_active":false,"_monsterinsights_sitenote_note":"","_monsterinsights_sitenote_category":0,"footnotes":""},"categories":[154],"tags":[7453,252],"class_list":["post-32161","post","type-post","status-publish","format-standard","has-post-thumbnail","hentry","category-veracruz","tag-militancia","tag-morena","wp-image-borders"],"amp_enabled":true,"_links":{"self":[{"href":"https:\/\/nvnoticias.mx\/index.php\/wp-json\/wp\/v2\/posts\/32161","targetHints":{"allow":["GET"]}}],"collection":[{"href":"https:\/\/nvnoticias.mx\/index.php\/wp-json\/wp\/v2\/posts"}],"about":[{"href":"https:\/\/nvnoticias.mx\/index.php\/wp-json\/wp\/v2\/types\/post"}],"author":[{"embeddable":true,"href":"https:\/\/nvnoticias.mx\/index.php\/wp-json\/wp\/v2\/users\/6"}],"replies":[{"embeddable":true,"href":"https:\/\/nvnoticias.mx\/index.php\/wp-json\/wp\/v2\/comments?post=32161"}],"version-history":[{"count":1,"href":"https:\/\/nvnoticias.mx\/index.php\/wp-json\/wp\/v2\/posts\/32161\/revisions"}],"predecessor-version":[{"id":32163,"href":"https:\/\/nvnoticias.mx\/index.php\/wp-json\/wp\/v2\/posts\/32161\/revisions\/32163"}],"wp:featuredmedia":[{"embeddable":true,"href":"https:\/\/nvnoticias.mx\/index.php\/wp-json\/wp\/v2\/media\/32162"}],"wp:attachment":[{"href":"https:\/\/nvnoticias.mx\/index.php\/wp-json\/wp\/v2\/media?parent=32161"}],"wp:term":[{"taxonomy":"category","embeddable":true,"href":"https:\/\/nvnoticias.mx\/index.php\/wp-json\/wp\/v2\/categories?post=32161"},{"taxonomy":"post_tag","embeddable":true,"href":"https:\/\/nvnoticias.mx\/index.php\/wp-json\/wp\/v2\/tags?post=32161"}],"curies":[{"name":"wp","href":"https:\/\/api.w.org\/{rel}","templated":true}]}}