{"id":3216,"date":"2021-02-03T19:07:40","date_gmt":"2021-02-04T01:07:40","guid":{"rendered":"https:\/\/nvnoticias.mx\/?p=3216"},"modified":"2021-02-03T20:16:08","modified_gmt":"2021-02-04T02:16:08","slug":"bsafe-estrena-mascarillas-que-no-empanan-gafas","status":"publish","type":"post","link":"https:\/\/nvnoticias.mx\/index.php\/2021\/02\/03\/bsafe-estrena-mascarillas-que-no-empanan-gafas\/","title":{"rendered":"BSafe estrena mascarillas que no empa\u00f1an gafas"},"content":{"rendered":"\n<p><strong>Alfredo S\u00e1nchez Jr \/ Nv Noticias<\/strong><\/p>\n\n\n\n<p>La empresa <em>BSafe<\/em> <strong>ha desarrollado unas mascarillas que reducen el empa\u00f1amiento de las gafas<\/strong>, espec\u00edficamente la edici\u00f3n llamada <em>manital <\/em>de<em> COPE Euskadi, <\/em>salieron a la luz el pasado 26 de enero en las instalaciones de <em>BSafe<\/em> en J\u00fandiz. <\/p>\n\n\n\n<p>A esta<strong> tecnolog\u00eda<\/strong> se les conoce como <strong><em>&#8220;BSafe anti vaho<\/em><\/strong><em>&#8220;<\/em> y se encarga de reducir de manera perceptible el vaho (empa\u00f1amiento) de las gafas.<\/p>\n\n\n\n<p><strong>A\u00fan no se encuentran a la venta<\/strong>, pero se espera que se puedan estar a la venta este a\u00f1o, los puntos de venta destinados se ubican en su <a href=\"https:\/\/bsafe.eus\/\">web oficial<\/a>.<\/p>\n\n\n\n<p class=\"has-small-font-size\"><em>Fuente: Bsafe<\/em><\/p>\n","protected":false},"excerpt":{"rendered":"<p>Alfredo S\u00e1nchez Jr \/ Nv Noticias La empresa BSafe ha desarrollado unas mascarillas que reducen el empa\u00f1amiento de las gafas, espec\u00edficamente la edici\u00f3n llamada manital de COPE Euskadi, salieron a la luz el pasado 26 de enero en las instalaciones de BSafe en J\u00fandiz. A esta tecnolog\u00eda se les conoce como &#8220;BSafe anti vaho&#8220; y [&hellip;]<\/p>\n","protected":false},"author":8,"featured_media":3364,"comment_status":"open","ping_status":"open","sticky":false,"template":"","format":"standard","meta":{"_monsterinsights_skip_tracking":false,"_monsterinsights_sitenote_active":false,"_monsterinsights_sitenote_note":"","_monsterinsights_sitenote_category":0,"footnotes":""},"categories":[576],"tags":[349,1024,358,175,664,1023],"class_list":["post-3216","post","type-post","status-publish","format-standard","has-post-thumbnail","hentry","category-ocio","tag-alfredo-sanchez-jr","tag-bsafe","tag-covid","tag-covid-19","tag-covid19","tag-mascarillas","wp-image-borders"],"amp_enabled":true,"_links":{"self":[{"href":"https:\/\/nvnoticias.mx\/index.php\/wp-json\/wp\/v2\/posts\/3216","targetHints":{"allow":["GET"]}}],"collection":[{"href":"https:\/\/nvnoticias.mx\/index.php\/wp-json\/wp\/v2\/posts"}],"about":[{"href":"https:\/\/nvnoticias.mx\/index.php\/wp-json\/wp\/v2\/types\/post"}],"author":[{"embeddable":true,"href":"https:\/\/nvnoticias.mx\/index.php\/wp-json\/wp\/v2\/users\/8"}],"replies":[{"embeddable":true,"href":"https:\/\/nvnoticias.mx\/index.php\/wp-json\/wp\/v2\/comments?post=3216"}],"version-history":[{"count":10,"href":"https:\/\/nvnoticias.mx\/index.php\/wp-json\/wp\/v2\/posts\/3216\/revisions"}],"predecessor-version":[{"id":3407,"href":"https:\/\/nvnoticias.mx\/index.php\/wp-json\/wp\/v2\/posts\/3216\/revisions\/3407"}],"wp:featuredmedia":[{"embeddable":true,"href":"https:\/\/nvnoticias.mx\/index.php\/wp-json\/wp\/v2\/media\/3364"}],"wp:attachment":[{"href":"https:\/\/nvnoticias.mx\/index.php\/wp-json\/wp\/v2\/media?parent=3216"}],"wp:term":[{"taxonomy":"category","embeddable":true,"href":"https:\/\/nvnoticias.mx\/index.php\/wp-json\/wp\/v2\/categories?post=3216"},{"taxonomy":"post_tag","embeddable":true,"href":"https:\/\/nvnoticias.mx\/index.php\/wp-json\/wp\/v2\/tags?post=3216"}],"curies":[{"name":"wp","href":"https:\/\/api.w.org\/{rel}","templated":true}]}}