{"id":32149,"date":"2021-11-27T11:42:25","date_gmt":"2021-11-27T17:42:25","guid":{"rendered":"https:\/\/nvnoticias.mx\/?p=32149"},"modified":"2021-11-27T11:42:25","modified_gmt":"2021-11-27T17:42:25","slug":"reabren-parque-natura-tras-mas-de-ano-y-medio-cerrado","status":"publish","type":"post","link":"https:\/\/nvnoticias.mx\/index.php\/2021\/11\/27\/reabren-parque-natura-tras-mas-de-ano-y-medio-cerrado\/","title":{"rendered":"Reabren parque Natura tras m\u00e1s de a\u00f1o y medio cerrado por pandemia"},"content":{"rendered":"\n<p><strong>Sam Ojeda&nbsp;| NV Noticias<\/strong>&nbsp;<\/p>\n\n\n\n<p>Xalapa. &#8211;&nbsp;El secretario de Medio Ambiente, Juan Carlos Contreras, acudi\u00f3 a la reapertura del parque Natura tras m\u00e1s de a\u00f1o y medio cerrado por el covid-19.&nbsp;&nbsp;<\/p>\n\n\n\n<p>Dijo que fueron limpiados el 85 por ciento de todos los caminos y esperan que la pr\u00f3xima semana puedan estar listos todos y se invirtieron 150 mil pesos en jornales.&nbsp;<\/p>\n\n\n\n<blockquote class=\"wp-block-quote is-layout-flow wp-block-quote-is-layout-flow\"><p>\u201cTenemos el 85 por ciento de avance en la limpieza de los caminos para que todos puedan visitar esta \u00e1rea natural protegida. Por tema de pandemia se mantuvo cerrada, fue el \u00fanico obst\u00e1culo, pero ahora el sem\u00e1foro nos permite recibir visitantes siempre y cuando se cumplan las condiciones de prevenci\u00f3n\u201d.\u00a0<\/p><\/blockquote>\n\n\n\n<p>A\u00f1adi\u00f3 que son 20 personas las que dan mantenimiento diariamente y que realizar\u00e1n una segunda parte de mantenimiento que consistir\u00e1 en la rehabilitaci\u00f3n de mobiliario y se iniciar\u00e1 el pr\u00f3ximo a\u00f1o. &nbsp;&nbsp;<\/p>\n\n\n\n<blockquote class=\"wp-block-quote is-layout-flow wp-block-quote-is-layout-flow\"><p>\u201cVamos a reasignar personal de algunas \u00e1reas para el mantenimiento porque este parque no ten\u00eda personal fijo, ser\u00e1n siete personas, cuatro de mantenimiento y tres personas en la entrada\u201d.\u00a0<\/p><\/blockquote>\n\n\n\n<p>A trav\u00e9s de la asociaci\u00f3n civil Escuelas Sustentables AC se invirtieron 400 mil pesos para la instalaci\u00f3n de al menos seis juegos en distintos puntos.&nbsp;&nbsp;<\/p>\n\n\n\n<p>Y explic\u00f3 que el parque tiene una extensi\u00f3n de 101 hect\u00e1reas en los que adem\u00e1s quienes la visiten podr\u00e1n usar la aplicaci\u00f3n&nbsp;Pok\u00e9mon&nbsp;Go&nbsp;para obtener m\u00e1s personajes.&nbsp;<\/p>\n","protected":false},"excerpt":{"rendered":"<p>Sam Ojeda&nbsp;| NV Noticias&nbsp; Xalapa. &#8211;&nbsp;El secretario de Medio Ambiente, Juan Carlos Contreras, acudi\u00f3 a la reapertura del parque Natura tras m\u00e1s de a\u00f1o y medio cerrado por el covid-19.&nbsp;&nbsp; Dijo que fueron limpiados el 85 por ciento de todos los caminos y esperan que la pr\u00f3xima semana puedan estar listos todos y se invirtieron [&hellip;]<\/p>\n","protected":false},"author":6,"featured_media":32154,"comment_status":"open","ping_status":"open","sticky":false,"template":"","format":"standard","meta":{"_monsterinsights_skip_tracking":false,"_monsterinsights_sitenote_active":false,"_monsterinsights_sitenote_note":"","_monsterinsights_sitenote_category":0,"footnotes":""},"categories":[156],"tags":[318,7451],"class_list":["post-32149","post","type-post","status-publish","format-standard","has-post-thumbnail","hentry","category-estado","tag-pandemia","tag-parque-natura","wp-image-borders"],"amp_enabled":true,"_links":{"self":[{"href":"https:\/\/nvnoticias.mx\/index.php\/wp-json\/wp\/v2\/posts\/32149","targetHints":{"allow":["GET"]}}],"collection":[{"href":"https:\/\/nvnoticias.mx\/index.php\/wp-json\/wp\/v2\/posts"}],"about":[{"href":"https:\/\/nvnoticias.mx\/index.php\/wp-json\/wp\/v2\/types\/post"}],"author":[{"embeddable":true,"href":"https:\/\/nvnoticias.mx\/index.php\/wp-json\/wp\/v2\/users\/6"}],"replies":[{"embeddable":true,"href":"https:\/\/nvnoticias.mx\/index.php\/wp-json\/wp\/v2\/comments?post=32149"}],"version-history":[{"count":1,"href":"https:\/\/nvnoticias.mx\/index.php\/wp-json\/wp\/v2\/posts\/32149\/revisions"}],"predecessor-version":[{"id":32151,"href":"https:\/\/nvnoticias.mx\/index.php\/wp-json\/wp\/v2\/posts\/32149\/revisions\/32151"}],"wp:featuredmedia":[{"embeddable":true,"href":"https:\/\/nvnoticias.mx\/index.php\/wp-json\/wp\/v2\/media\/32154"}],"wp:attachment":[{"href":"https:\/\/nvnoticias.mx\/index.php\/wp-json\/wp\/v2\/media?parent=32149"}],"wp:term":[{"taxonomy":"category","embeddable":true,"href":"https:\/\/nvnoticias.mx\/index.php\/wp-json\/wp\/v2\/categories?post=32149"},{"taxonomy":"post_tag","embeddable":true,"href":"https:\/\/nvnoticias.mx\/index.php\/wp-json\/wp\/v2\/tags?post=32149"}],"curies":[{"name":"wp","href":"https:\/\/api.w.org\/{rel}","templated":true}]}}