{"id":32141,"date":"2021-11-27T11:00:58","date_gmt":"2021-11-27T17:00:58","guid":{"rendered":"https:\/\/nvnoticias.mx\/?p=32141"},"modified":"2021-11-27T11:00:59","modified_gmt":"2021-11-27T17:00:59","slug":"dan-a-conocer-belinda-y-christian-nodal-detalles-de-su-boda-y-de-su-relacion","status":"publish","type":"post","link":"https:\/\/nvnoticias.mx\/index.php\/2021\/11\/27\/dan-a-conocer-belinda-y-christian-nodal-detalles-de-su-boda-y-de-su-relacion\/","title":{"rendered":"Dan a conocer Belinda y Christian Nodal detalles de su boda y de su relaci\u00f3n"},"content":{"rendered":"\n<p>A pesar de que existen diversas dudas entre algunos seguidores de <strong>Belinda\u00a0y\u00a0Christian Nodal<\/strong>,\u00a0la pareja\u00a0<strong>decidi\u00f3 hablar sobre sus planes y el inicio de su relaci\u00f3n<\/strong>\u00a0en una reciente entrevista que tuvieron con la revista\u00a0<em>Qui\u00e9n<\/em>.<\/p>\n\n\n\n<p><strong>\u201cMuero de ganas por ser mam\u00e1. Es un deseo que tenemos los dos y ya hablamos del tema.\u00a0<\/strong>Creo que cuando llegue esa etapa ser\u00e1 muy bonita, sinceramente ahorita es m\u00e1s importante que nos casemos y que todo pase en su debido momento\u201d, revel\u00f3<strong>\u00a0la tambi\u00e9n actriz y adem\u00e1s confes\u00f3 que quiere tres hijos, mientras que Christian dijo que desea 4<\/strong>.<\/p>\n\n\n\n<p>Tambi\u00e9n expresaron que a\u00fan no han planeado muy bien la ceremonia religiosa, pues Christian tiene una gira de varios conciertos y Belinda le brind\u00f3 todo su apoyo y su ayuda para que todo le salga bien, dijeron que una vez que ambos se encuentren desocupados y con m\u00e1s tiempo empezar\u00e1n con todos los preparativos.<\/p>\n\n\n\n<p>Nodal aprovech\u00f3 para comentar algunos de los aspectos que est\u00e1n tratando sobre la boda, algo que quieren planear con cuidado.\u00a0<strong>\u201cQuiero que Beli tenga la boda de sus sue\u00f1os y que sea tal cual la imagin\u00f3 desde que era ni\u00f1a\u201d<\/strong>, afirm\u00f3 el cantante.<\/p>\n\n\n\n<p>Ante la cuesti\u00f3n sobre sus vestidos,&nbsp;<strong>la famosa dio a conocer que tiene en mente usar tres modelos diferentes<\/strong>: \u201cSer\u00eda muy feliz de colaborar con Jacquemus porque es familiar m\u00edo. En general deseo que nuestra boda sea algo muy especial y algo que recordemos para siempre\u201d.<\/p>\n\n\n\n<p>Es importante mencionar que en agosto de 2020 Belinda y Christian Nodal hicieron oficial su noviazgo, tras conocerse durante el reality show<em><strong>&nbsp;La Voz M\u00e9xico<\/strong><\/em>&nbsp;de<em>&nbsp;TV Azteca<\/em>&nbsp;cuando ambos cantantes participaron como coaches.<\/p>\n\n\n\n<p>El int\u00e9rprete de\u00a0<em>Botella tras botella<\/em><strong>\u00a0mencion\u00f3 que cuando Belinda le empez\u00f3 a gustar se pon\u00eda muy nervioso y no pod\u00eda tener conversaciones tan largas con ella,<\/strong>\u00a0fue hasta que les toc\u00f3 cantar una canci\u00f3n juntos para el programa y tuvieron un acercamiento en los ensayos. Nodal decidi\u00f3 dar el primer paso para invitar a la cantante a salir y<strong>\u00a0en su primera cita se besaron<\/strong>.<\/p>\n\n\n\n<p>La actriz mencion\u00f3 que lo que m\u00e1s le gust\u00f3 de Christian es su seguridad y sus tatuajes, ya que \u00e9l ha defendido su postura hasta para tatuarse la cara. Belinda se sinti\u00f3 identificada con eso porque cuando se hace un cambi\u00f3 de look no le importan los riesgos.<\/p>\n\n\n\n<p>La pareja ha sido criticada en diferentes ocasiones,<strong>&nbsp;pues el cantante de regional mexicano apenas tiene 22 a\u00f1os y Belinda es siete a\u00f1os m\u00e1s grande<\/strong>. \u201cNo me gusta leer los comentarios de la gente,<strong>&nbsp;lo que digan de nosotros me tiene sin cuidado porque son personas externas<\/strong>. Mientras yo sea una buena persona con \u00e9l y mis sentimientos sean reales no me importa lo que digan\u201d, declar\u00f3 la cantante de&nbsp;<em>Luz sin gravedad<\/em>.<\/p>\n\n\n\n<p>\u201cA m\u00ed me cambi\u00f3 la vida desde que empec\u00e9 la relaci\u00f3n con Beli, la gente antes no se met\u00eda conmigo ni comentaban cosas feas y&nbsp;<strong>ahora nos persiguen hasta si estamos en pijama<\/strong>\u201d, mencion\u00f3 el artista.<\/p>\n\n\n\n<p>\u201cAntes si me preocupaba por lo que pensaban mis fans y ella me ha ayudado a no darle importancia porque\u00a0<strong>aunque sea algo falso es muy desagradable saber que alguien tiene la capacidad de querer hacer da\u00f1o<\/strong>\u201d, agreg\u00f3 Christian, quien se encuentra en la cima del \u00e9xito aunque \u00e9l asegur\u00f3 seguir siendo el mismo de siempre y rodeado de la misma gente que ha estado ah\u00ed desde sus inicios.<\/p>\n\n\n\n<p>Fuente: Infobae<\/p>\n","protected":false},"excerpt":{"rendered":"<p>A pesar de que existen diversas dudas entre algunos seguidores de Belinda\u00a0y\u00a0Christian Nodal,\u00a0la pareja\u00a0decidi\u00f3 hablar sobre sus planes y el inicio de su relaci\u00f3n\u00a0en una reciente entrevista que tuvieron con la revista\u00a0Qui\u00e9n. \u201cMuero de ganas por ser mam\u00e1. Es un deseo que tenemos los dos y ya hablamos del tema.\u00a0Creo que cuando llegue esa etapa [&hellip;]<\/p>\n","protected":false},"author":35,"featured_media":22643,"comment_status":"open","ping_status":"open","sticky":false,"template":"","format":"standard","meta":{"_monsterinsights_skip_tracking":false,"_monsterinsights_sitenote_active":false,"_monsterinsights_sitenote_note":"","_monsterinsights_sitenote_category":0,"footnotes":""},"categories":[576],"tags":[1705,2798,3953,7446],"class_list":["post-32141","post","type-post","status-publish","format-standard","has-post-thumbnail","hentry","category-ocio","tag-belinda","tag-boda","tag-christian-nodal","tag-relacion","wp-image-borders"],"amp_enabled":true,"_links":{"self":[{"href":"https:\/\/nvnoticias.mx\/index.php\/wp-json\/wp\/v2\/posts\/32141","targetHints":{"allow":["GET"]}}],"collection":[{"href":"https:\/\/nvnoticias.mx\/index.php\/wp-json\/wp\/v2\/posts"}],"about":[{"href":"https:\/\/nvnoticias.mx\/index.php\/wp-json\/wp\/v2\/types\/post"}],"author":[{"embeddable":true,"href":"https:\/\/nvnoticias.mx\/index.php\/wp-json\/wp\/v2\/users\/35"}],"replies":[{"embeddable":true,"href":"https:\/\/nvnoticias.mx\/index.php\/wp-json\/wp\/v2\/comments?post=32141"}],"version-history":[{"count":1,"href":"https:\/\/nvnoticias.mx\/index.php\/wp-json\/wp\/v2\/posts\/32141\/revisions"}],"predecessor-version":[{"id":32142,"href":"https:\/\/nvnoticias.mx\/index.php\/wp-json\/wp\/v2\/posts\/32141\/revisions\/32142"}],"wp:featuredmedia":[{"embeddable":true,"href":"https:\/\/nvnoticias.mx\/index.php\/wp-json\/wp\/v2\/media\/22643"}],"wp:attachment":[{"href":"https:\/\/nvnoticias.mx\/index.php\/wp-json\/wp\/v2\/media?parent=32141"}],"wp:term":[{"taxonomy":"category","embeddable":true,"href":"https:\/\/nvnoticias.mx\/index.php\/wp-json\/wp\/v2\/categories?post=32141"},{"taxonomy":"post_tag","embeddable":true,"href":"https:\/\/nvnoticias.mx\/index.php\/wp-json\/wp\/v2\/tags?post=32141"}],"curies":[{"name":"wp","href":"https:\/\/api.w.org\/{rel}","templated":true}]}}