{"id":32073,"date":"2021-11-26T15:12:42","date_gmt":"2021-11-26T21:12:42","guid":{"rendered":"https:\/\/nvnoticias.mx\/?p=32073"},"modified":"2021-11-26T15:12:43","modified_gmt":"2021-11-26T21:12:43","slug":"en-el-pan-sabemos-construir-a-favor-de-los-mexicanos-julen-rementeria","status":"publish","type":"post","link":"https:\/\/nvnoticias.mx\/index.php\/2021\/11\/26\/en-el-pan-sabemos-construir-a-favor-de-los-mexicanos-julen-rementeria\/","title":{"rendered":"En el PAN sabemos construir a favor de los mexicanos: Julen Rementer\u00eda"},"content":{"rendered":"\n<p>*El legislador veracruzano, dijo durante la plenaria de diputadas y diputados locales que con la unidad se enfrentan y logran grandes retos.<\/p>\n\n\n\n<p>M\u00e9rida, Yucat\u00e1n.- El coordinador de senadores de Acci\u00f3n Nacional, Julen Rementer\u00eda del Puerto, destac\u00f3 que, los legisladores del partido est\u00e1n conscientes del grave desastre ocasionado por este gobierno, pero que en este partido se sabe legislar, gobernar y sobre todo construir a favor de los mexicanos.<\/p>\n\n\n\n<p>Esto durante la plenaria y capacitaci\u00f3n de diputadas y diputados locales realizada en la ciudad de M\u00e9rida, donde se reunieron legisladores panistas de los diversos puntos de la Rep\u00fablica, para intercambiar ideas y sobre todo buscar las soluciones ante la destrucci\u00f3n de las instituciones y de la Constituci\u00f3n que ha hecho el partido en el poder.<\/p>\n\n\n\n<p>\u201cTodos los que estamos aqu\u00ed estamos conscientes del grave desastre que tenemos a tres a\u00f1os del gobierno de Morena, tenemos crisis en la econom\u00eda, la salud, medio ambiente, en la seguridad, en la justicia, y sobre todo en la corrupci\u00f3n. Hoy enfrentamos la destrucci\u00f3n de las instituciones y sus constantes ataques a la democracia y al estado de derecho, pero juntos trabajaremos porque sabemos ser gobierno y sabemos legislar\u201d, refiri\u00f3.<\/p>\n\n\n\n<p>Rementer\u00eda del Puerto, destac\u00f3, que todos los legisladores de Acci\u00f3n Nacional, han sido una oposici\u00f3n y contrapeso, y que seguir\u00e1n d\u00eda con d\u00eda en la b\u00fasqueda del bien com\u00fan, la defensa por la democracia y en reconstruir lo que Morena ha estado destruyendo.<\/p>\n\n\n\n<p>Asimismo, en su participaci\u00f3n remarc\u00f3 el trabajo que como oposici\u00f3n se ha realizado desde la C\u00e1mara Alta, contra las ocurrencias de un r\u00e9gimen autoritario como el que se est\u00e1 viviendo.<\/p>\n\n\n\n<p>El legislador veracruzano, enumer\u00f3 como han trabajado y funcionado, el grupo parlamentario que \u00e9l coordina.<\/p>\n\n\n\n<p>\u201cDesde el bloque, hemos trabajado por una Guardia Nacional, que sea civil, regulada, fiscalizada, subordinada y complementaria, acci\u00f3n que se ha venido violentando por el ejecutivo federal; as\u00ed tambi\u00e9n la Ley Federal sobre Revocaci\u00f3n de Mandato, remarcando que en la Ley se establece como revocaci\u00f3n y no ratificaci\u00f3n en el concepto y la pregunta\u201d, apunt\u00f3.<\/p>\n\n\n\n<p>Tambi\u00e9n subray\u00f3 que se luchar\u00e1 por una Reforma constitucional energ\u00e9tica que beneficie al pa\u00eds y que sea de generaci\u00f3n de energ\u00eda limpia y barata; y no a modo como la que quiere el Presidente, con mayor consumo de carb\u00f3n y combust\u00f3leo; mayores costos de producci\u00f3n; tarifas elevadas donde los mexicanos pagaremos m\u00e1s.<\/p>\n\n\n\n<p>Y por \u00faltimo mencion\u00f3 que se ejecutar\u00e1n acciones para frenar el decreto presidencial, que clasifica la informaci\u00f3n de las obras p\u00fablicas como seguridad nacional y esto trae como consecuencia, que todas las adquisiciones y obras se puedan hacer por adjudicaci\u00f3n directa bajo dicho concepto, y crear\u00e1 m\u00e1s m\u00e1s opacidad, discrecionalidad y corrupci\u00f3n.<\/p>\n","protected":false},"excerpt":{"rendered":"<p>*El legislador veracruzano, dijo durante la plenaria de diputadas y diputados locales que con la unidad se enfrentan y logran grandes retos. M\u00e9rida, Yucat\u00e1n.- El coordinador de senadores de Acci\u00f3n Nacional, Julen Rementer\u00eda del Puerto, destac\u00f3 que, los legisladores del partido est\u00e1n conscientes del grave desastre ocasionado por este gobierno, pero que en este partido [&hellip;]<\/p>\n","protected":false},"author":35,"featured_media":32079,"comment_status":"open","ping_status":"open","sticky":false,"template":"","format":"standard","meta":{"_monsterinsights_skip_tracking":false,"_monsterinsights_sitenote_active":false,"_monsterinsights_sitenote_note":"","_monsterinsights_sitenote_category":0,"footnotes":""},"categories":[158],"tags":[808,284],"class_list":["post-32073","post","type-post","status-publish","format-standard","has-post-thumbnail","hentry","category-politica","tag-julen-rementeria","tag-pan","wp-image-borders"],"amp_enabled":true,"_links":{"self":[{"href":"https:\/\/nvnoticias.mx\/index.php\/wp-json\/wp\/v2\/posts\/32073","targetHints":{"allow":["GET"]}}],"collection":[{"href":"https:\/\/nvnoticias.mx\/index.php\/wp-json\/wp\/v2\/posts"}],"about":[{"href":"https:\/\/nvnoticias.mx\/index.php\/wp-json\/wp\/v2\/types\/post"}],"author":[{"embeddable":true,"href":"https:\/\/nvnoticias.mx\/index.php\/wp-json\/wp\/v2\/users\/35"}],"replies":[{"embeddable":true,"href":"https:\/\/nvnoticias.mx\/index.php\/wp-json\/wp\/v2\/comments?post=32073"}],"version-history":[{"count":1,"href":"https:\/\/nvnoticias.mx\/index.php\/wp-json\/wp\/v2\/posts\/32073\/revisions"}],"predecessor-version":[{"id":32080,"href":"https:\/\/nvnoticias.mx\/index.php\/wp-json\/wp\/v2\/posts\/32073\/revisions\/32080"}],"wp:featuredmedia":[{"embeddable":true,"href":"https:\/\/nvnoticias.mx\/index.php\/wp-json\/wp\/v2\/media\/32079"}],"wp:attachment":[{"href":"https:\/\/nvnoticias.mx\/index.php\/wp-json\/wp\/v2\/media?parent=32073"}],"wp:term":[{"taxonomy":"category","embeddable":true,"href":"https:\/\/nvnoticias.mx\/index.php\/wp-json\/wp\/v2\/categories?post=32073"},{"taxonomy":"post_tag","embeddable":true,"href":"https:\/\/nvnoticias.mx\/index.php\/wp-json\/wp\/v2\/tags?post=32073"}],"curies":[{"name":"wp","href":"https:\/\/api.w.org\/{rel}","templated":true}]}}