{"id":32066,"date":"2021-11-26T13:34:58","date_gmt":"2021-11-26T19:34:58","guid":{"rendered":"https:\/\/nvnoticias.mx\/?p=32066"},"modified":"2021-11-26T13:34:58","modified_gmt":"2021-11-26T19:34:58","slug":"cayo-la-venta-de-vehiculos-en-9-1-por-ciento-en-octubre-pasado","status":"publish","type":"post","link":"https:\/\/nvnoticias.mx\/index.php\/2021\/11\/26\/cayo-la-venta-de-vehiculos-en-9-1-por-ciento-en-octubre-pasado\/","title":{"rendered":"Cay\u00f3 la venta de veh\u00edculos en 9.1 por ciento en octubre pasado"},"content":{"rendered":"\n<p><strong>Jes\u00fas Utrilla&nbsp;| NV Noticias<\/strong>&nbsp;<\/p>\n\n\n\n<p>Veracruz. \u2013&nbsp;&nbsp;La venta de veh\u00edculos cay\u00f3 en M\u00e9xico, tan solo en octubre la desaceleraci\u00f3n fue de 9.1 por ciento, de acuerdo a datos de la Asociaci\u00f3n Mexicana de Distribuidores de Automotores.&nbsp;<\/p>\n\n\n\n<p>Guillermo Rosales Z\u00e1rate, director de la AMDA,&nbsp;&nbsp; aclar\u00f3 que de enero a la primera semana de&nbsp;<br>octubre se vendieron en el pa\u00eds 834 mil unidades, que representa un incremento de 11.5 por ciento en comparaci\u00f3n al mismo periodo de 2020.&nbsp;<\/p>\n\n\n\n<p>Sin embargo, a partir de la segunda semana de octubre hubo debilidad en las ventas.&nbsp;<\/p>\n\n\n\n<blockquote class=\"wp-block-quote is-layout-flow wp-block-quote-is-layout-flow\"><p>\u201cPor ejemplo en octubre retrocedimos 9.1 por ciento en comparaci\u00f3n con octubre del a\u00f1o pasado y la perspectiva para el cierre de a\u00f1o, es decir, noviembre y diciembre tambi\u00e9n apuntan a una ca\u00edda en comparaci\u00f3n al periodo similar del a\u00f1o anterior\u201d.\u00a0<\/p><\/blockquote>\n\n\n\n<p>Dijo que Dino hubiera crisis de producci\u00f3n global se hubiera esperado una demanda de un mill\u00f3n 70 mil unidades,&nbsp;pero con&nbsp;esta circunstancia estiman que apenas estar\u00e1n sobrepasando el mill\u00f3n de unidades a lo largo de 2021.&nbsp;<\/p>\n\n\n\n<p>Se prev\u00e9 que a lo largo de 2022 seguir\u00e1 la insuficiencia en producci\u00f3n de veh\u00edculos motivados por la carencia de microchips y podr\u00eda ir disminuyendo en el segundo semestre para normalizar la producci\u00f3n en 2023.<\/p>\n","protected":false},"excerpt":{"rendered":"<p>Jes\u00fas Utrilla&nbsp;| NV Noticias&nbsp; Veracruz. \u2013&nbsp;&nbsp;La venta de veh\u00edculos cay\u00f3 en M\u00e9xico, tan solo en octubre la desaceleraci\u00f3n fue de 9.1 por ciento, de acuerdo a datos de la Asociaci\u00f3n Mexicana de Distribuidores de Automotores.&nbsp; Guillermo Rosales Z\u00e1rate, director de la AMDA,&nbsp;&nbsp; aclar\u00f3 que de enero a la primera semana de&nbsp;octubre se vendieron en el [&hellip;]<\/p>\n","protected":false},"author":6,"featured_media":32068,"comment_status":"open","ping_status":"open","sticky":false,"template":"","format":"standard","meta":{"_monsterinsights_skip_tracking":false,"_monsterinsights_sitenote_active":false,"_monsterinsights_sitenote_note":"","_monsterinsights_sitenote_category":0,"footnotes":""},"categories":[154],"tags":[4793,2730],"class_list":["post-32066","post","type-post","status-publish","format-standard","has-post-thumbnail","hentry","category-veracruz","tag-vehiculos","tag-venta","wp-image-borders"],"amp_enabled":true,"_links":{"self":[{"href":"https:\/\/nvnoticias.mx\/index.php\/wp-json\/wp\/v2\/posts\/32066","targetHints":{"allow":["GET"]}}],"collection":[{"href":"https:\/\/nvnoticias.mx\/index.php\/wp-json\/wp\/v2\/posts"}],"about":[{"href":"https:\/\/nvnoticias.mx\/index.php\/wp-json\/wp\/v2\/types\/post"}],"author":[{"embeddable":true,"href":"https:\/\/nvnoticias.mx\/index.php\/wp-json\/wp\/v2\/users\/6"}],"replies":[{"embeddable":true,"href":"https:\/\/nvnoticias.mx\/index.php\/wp-json\/wp\/v2\/comments?post=32066"}],"version-history":[{"count":1,"href":"https:\/\/nvnoticias.mx\/index.php\/wp-json\/wp\/v2\/posts\/32066\/revisions"}],"predecessor-version":[{"id":32067,"href":"https:\/\/nvnoticias.mx\/index.php\/wp-json\/wp\/v2\/posts\/32066\/revisions\/32067"}],"wp:featuredmedia":[{"embeddable":true,"href":"https:\/\/nvnoticias.mx\/index.php\/wp-json\/wp\/v2\/media\/32068"}],"wp:attachment":[{"href":"https:\/\/nvnoticias.mx\/index.php\/wp-json\/wp\/v2\/media?parent=32066"}],"wp:term":[{"taxonomy":"category","embeddable":true,"href":"https:\/\/nvnoticias.mx\/index.php\/wp-json\/wp\/v2\/categories?post=32066"},{"taxonomy":"post_tag","embeddable":true,"href":"https:\/\/nvnoticias.mx\/index.php\/wp-json\/wp\/v2\/tags?post=32066"}],"curies":[{"name":"wp","href":"https:\/\/api.w.org\/{rel}","templated":true}]}}