{"id":32049,"date":"2021-11-26T12:49:09","date_gmt":"2021-11-26T18:49:09","guid":{"rendered":"https:\/\/nvnoticias.mx\/?p=32049"},"modified":"2021-11-26T12:50:03","modified_gmt":"2021-11-26T18:50:03","slug":"omicron-la-nueva-variante-de-covid-en-sudafrica","status":"publish","type":"post","link":"https:\/\/nvnoticias.mx\/index.php\/2021\/11\/26\/omicron-la-nueva-variante-de-covid-en-sudafrica\/","title":{"rendered":"\u2018Omicron\u2019 la nueva variante de covid en Sud\u00e1frica"},"content":{"rendered":"\n<p>La Organizaci\u00f3n Mundial de la Salud (OMS) clasific\u00f3 la\u00a0nueva variante del COVID-19\u00a0como virus altamente transmisible y preocupante; y la nombr\u00f3\u00a0\u2018Omicron\u2019.<\/p>\n\n\n\n<p>Este viernes, asesores de la organizaci\u00f3n se reunieron de manera extraordinaria y de urgencia para analizar la informaci\u00f3n disponible sobre esta nueva variante del virus, identificada en\u00a0Sud\u00e1frica.<\/p>\n\n\n\n<p>El surgimiento de esta variante<strong>\u00a0ha provocado el desplome de las bolsas<\/strong>\u00a0y llev\u00f3 a la Uni\u00f3n Europea a recomendar suspender los vuelos desde el sur de \u00c1frica.<\/p>\n\n\n\n<blockquote class=\"wp-block-quote is-layout-flow wp-block-quote-is-layout-flow\"><p>\u201cTodav\u00eda no sabemos mucho sobre esto. Lo que s\u00ed sabemos es que<strong>\u00a0esta variante tiene un gran n\u00famero de mutaciones<\/strong>, y la preocupaci\u00f3n es que cuando hay tantas mutaciones puede tener impacto en c\u00f3mo se comporta el virus\u201d, dijo Maria Van Kerkhove, l\u00edder t\u00e9cnica de la OMS en COVID-19, en un chat en redes sociales el jueves.<\/p><\/blockquote>\n\n\n\n<p>Los expertos m\u00e9dicos, incluida la OMS, advirtieron contra cualquier reacci\u00f3n desproporcionada antes de que se entienda mejor la variante que se origin\u00f3 en el sur de \u00c1frica, pero un mundo nervioso tem\u00eda lo peor casi dos a\u00f1os despu\u00e9s de que surgiera el COVID-19 y desencadenara una pandemia que ha matado a m\u00e1s de 5 millones de personas en todo el mundo.<\/p>\n\n\n\n<p>No hab\u00eda indicios inmediatos de si la variante causa una enfermedad m\u00e1s grave. Al igual que con otras variantes, algunas personas infectadas no muestran s\u00edntomas, dijeron expertos sudafricanos.<\/p>\n\n\n\n<p>Fuente: El Financiero<\/p>\n","protected":false},"excerpt":{"rendered":"<p>La Organizaci\u00f3n Mundial de la Salud (OMS) clasific\u00f3 la\u00a0nueva variante del COVID-19\u00a0como virus altamente transmisible y preocupante; y la nombr\u00f3\u00a0\u2018Omicron\u2019. Este viernes, asesores de la organizaci\u00f3n se reunieron de manera extraordinaria y de urgencia para analizar la informaci\u00f3n disponible sobre esta nueva variante del virus, identificada en\u00a0Sud\u00e1frica. El surgimiento de esta variante\u00a0ha provocado el desplome [&hellip;]<\/p>\n","protected":false},"author":6,"featured_media":32053,"comment_status":"open","ping_status":"open","sticky":false,"template":"","format":"standard","meta":{"_monsterinsights_skip_tracking":false,"_monsterinsights_sitenote_active":false,"_monsterinsights_sitenote_note":"","_monsterinsights_sitenote_category":0,"footnotes":""},"categories":[181],"tags":[175,7432,162,1336],"class_list":["post-32049","post","type-post","status-publish","format-standard","has-post-thumbnail","hentry","category-internacional","tag-covid-19","tag-omicron","tag-portada","tag-variante","wp-image-borders"],"amp_enabled":true,"_links":{"self":[{"href":"https:\/\/nvnoticias.mx\/index.php\/wp-json\/wp\/v2\/posts\/32049","targetHints":{"allow":["GET"]}}],"collection":[{"href":"https:\/\/nvnoticias.mx\/index.php\/wp-json\/wp\/v2\/posts"}],"about":[{"href":"https:\/\/nvnoticias.mx\/index.php\/wp-json\/wp\/v2\/types\/post"}],"author":[{"embeddable":true,"href":"https:\/\/nvnoticias.mx\/index.php\/wp-json\/wp\/v2\/users\/6"}],"replies":[{"embeddable":true,"href":"https:\/\/nvnoticias.mx\/index.php\/wp-json\/wp\/v2\/comments?post=32049"}],"version-history":[{"count":2,"href":"https:\/\/nvnoticias.mx\/index.php\/wp-json\/wp\/v2\/posts\/32049\/revisions"}],"predecessor-version":[{"id":32052,"href":"https:\/\/nvnoticias.mx\/index.php\/wp-json\/wp\/v2\/posts\/32049\/revisions\/32052"}],"wp:featuredmedia":[{"embeddable":true,"href":"https:\/\/nvnoticias.mx\/index.php\/wp-json\/wp\/v2\/media\/32053"}],"wp:attachment":[{"href":"https:\/\/nvnoticias.mx\/index.php\/wp-json\/wp\/v2\/media?parent=32049"}],"wp:term":[{"taxonomy":"category","embeddable":true,"href":"https:\/\/nvnoticias.mx\/index.php\/wp-json\/wp\/v2\/categories?post=32049"},{"taxonomy":"post_tag","embeddable":true,"href":"https:\/\/nvnoticias.mx\/index.php\/wp-json\/wp\/v2\/tags?post=32049"}],"curies":[{"name":"wp","href":"https:\/\/api.w.org\/{rel}","templated":true}]}}