{"id":32045,"date":"2021-11-26T12:39:39","date_gmt":"2021-11-26T18:39:39","guid":{"rendered":"https:\/\/nvnoticias.mx\/?p=32045"},"modified":"2021-11-26T12:39:39","modified_gmt":"2021-11-26T18:39:39","slug":"empleados-de-centro-de-salud-se-manifiestan-ante-falta-de-insumos","status":"publish","type":"post","link":"https:\/\/nvnoticias.mx\/index.php\/2021\/11\/26\/empleados-de-centro-de-salud-se-manifiestan-ante-falta-de-insumos\/","title":{"rendered":"Empleados de Centro de Salud se manifiestan ante falta de insumos"},"content":{"rendered":"\n<p><strong>Sam Ojeda&nbsp;| NV Noticias<\/strong>&nbsp;<\/p>\n\n\n\n<p>Xalapa. &#8211;&nbsp;Este viernes empleados del Centro de Salud \u201cMiguel Alem\u00e1n\u201d se manifestaron ante el desabasto de insumos de protecci\u00f3n y medicamentos para la atenci\u00f3n de pacientes y por casos de maltrato hacia los empleados.&nbsp;<\/p>\n\n\n\n<p>La enfermera Esmeralda V\u00e1zquez dijo que la administradora Carolina&nbsp;Sonck&nbsp;Rodr\u00edguez no les ha entregado insumos b\u00e1sicos como cubrebocas o gel desinfectante, as\u00ed como cambiar horarios de consultas y turnos.&nbsp;&nbsp;<\/p>\n\n\n\n<blockquote class=\"wp-block-quote is-layout-flow wp-block-quote-is-layout-flow\"><p>\u201cEstamos haciendo esta manifestaci\u00f3n de brazos ca\u00eddos porque queremos que respeten derechos, hay mucha falta de autoridad, violentan nuestros derechos, la administradora maltrata al personal, delega responsabilidades a otras personas que no tienen nada que ver. Est\u00e1n afectando a personas que acuden a consulta a trav\u00e9s de horarios, antes eran citados a las 7 de la ma\u00f1ana y se los cambiaron\u201d.\u00a0<\/p><\/blockquote>\n\n\n\n<p>Adem\u00e1s&nbsp;hay falta de medicamentos desde que empez\u00f3 la pandemia no les han dado lo necesario, \u201cni un cubrebocas, todo lo tenemos que comprar, un gel, un satirizante, son muchas cosas con las que violentan nuestros derechos y la atenci\u00f3n del paciente\u201d.&nbsp;<\/p>\n\n\n\n<p>Estas irregularidades han sido expuestas al director del Centro, Ren\u00e9 Arboleda Ruiz, pero no ha tomado cartas en el asunto y no hay avances y son m\u00e1s de 92 los trabajadores afectados.&nbsp;&nbsp;<\/p>\n\n\n\n<blockquote class=\"wp-block-quote is-layout-flow wp-block-quote-is-layout-flow\"><p>\u201cEstamos esperando que lleguen a un acuerdo. No se le est\u00e1 negando el paso a nadie, se est\u00e1 atiende la consulta de urgencia. Cada compa\u00f1ero que ha sido v\u00edctima de maltrato ha hecho un\u00a0oficio,\u00a0pero el directivo no ha solucionado nada y por eso nos vimos en la necesidad de manifestarnos. Somos trabajadores y merecemos respeto\u201d, se\u00f1alaron.\u00a0<\/p><\/blockquote>\n","protected":false},"excerpt":{"rendered":"<p>Sam Ojeda&nbsp;| NV Noticias&nbsp; Xalapa. &#8211;&nbsp;Este viernes empleados del Centro de Salud \u201cMiguel Alem\u00e1n\u201d se manifestaron ante el desabasto de insumos de protecci\u00f3n y medicamentos para la atenci\u00f3n de pacientes y por casos de maltrato hacia los empleados.&nbsp; La enfermera Esmeralda V\u00e1zquez dijo que la administradora Carolina&nbsp;Sonck&nbsp;Rodr\u00edguez no les ha entregado insumos b\u00e1sicos como cubrebocas [&hellip;]<\/p>\n","protected":false},"author":6,"featured_media":3752,"comment_status":"open","ping_status":"open","sticky":false,"template":"","format":"standard","meta":{"_monsterinsights_skip_tracking":false,"_monsterinsights_sitenote_active":false,"_monsterinsights_sitenote_note":"","_monsterinsights_sitenote_category":0,"footnotes":""},"categories":[156],"tags":[4860,4686,503],"class_list":["post-32045","post","type-post","status-publish","format-standard","has-post-thumbnail","hentry","category-estado","tag-centro-de-salud","tag-empleados","tag-manifestacion","wp-image-borders"],"amp_enabled":true,"_links":{"self":[{"href":"https:\/\/nvnoticias.mx\/index.php\/wp-json\/wp\/v2\/posts\/32045","targetHints":{"allow":["GET"]}}],"collection":[{"href":"https:\/\/nvnoticias.mx\/index.php\/wp-json\/wp\/v2\/posts"}],"about":[{"href":"https:\/\/nvnoticias.mx\/index.php\/wp-json\/wp\/v2\/types\/post"}],"author":[{"embeddable":true,"href":"https:\/\/nvnoticias.mx\/index.php\/wp-json\/wp\/v2\/users\/6"}],"replies":[{"embeddable":true,"href":"https:\/\/nvnoticias.mx\/index.php\/wp-json\/wp\/v2\/comments?post=32045"}],"version-history":[{"count":1,"href":"https:\/\/nvnoticias.mx\/index.php\/wp-json\/wp\/v2\/posts\/32045\/revisions"}],"predecessor-version":[{"id":32046,"href":"https:\/\/nvnoticias.mx\/index.php\/wp-json\/wp\/v2\/posts\/32045\/revisions\/32046"}],"wp:featuredmedia":[{"embeddable":true,"href":"https:\/\/nvnoticias.mx\/index.php\/wp-json\/wp\/v2\/media\/3752"}],"wp:attachment":[{"href":"https:\/\/nvnoticias.mx\/index.php\/wp-json\/wp\/v2\/media?parent=32045"}],"wp:term":[{"taxonomy":"category","embeddable":true,"href":"https:\/\/nvnoticias.mx\/index.php\/wp-json\/wp\/v2\/categories?post=32045"},{"taxonomy":"post_tag","embeddable":true,"href":"https:\/\/nvnoticias.mx\/index.php\/wp-json\/wp\/v2\/tags?post=32045"}],"curies":[{"name":"wp","href":"https:\/\/api.w.org\/{rel}","templated":true}]}}