{"id":32011,"date":"2021-11-26T10:04:47","date_gmt":"2021-11-26T16:04:47","guid":{"rendered":"https:\/\/nvnoticias.mx\/?p=32011"},"modified":"2021-11-26T10:15:46","modified_gmt":"2021-11-26T16:15:46","slug":"ataque-en-guaymas-iba-dirigido-a-jefe-de-policia-semar","status":"publish","type":"post","link":"https:\/\/nvnoticias.mx\/index.php\/2021\/11\/26\/ataque-en-guaymas-iba-dirigido-a-jefe-de-policia-semar\/","title":{"rendered":"Ataque en Guaymas iba dirigido a jefe de polic\u00eda: Semar"},"content":{"rendered":"\n<p>El almirante Jos\u00e9 Rafael Ojeda Dur\u00e1n, titular de la Secretar\u00eda de Marina (Semar), inform\u00f3 que el ataque armado de este jueves a la presidencia municipal de Guaymas, Sonora, en donde muri\u00f3 Marisol Cuadras, joven de 18 a\u00f1os e integrante del grupo &#8220;Feministas del Mar&#8221;, iba dirigido al secretario de seguridad municipal, capit\u00e1n de Marina, Andr\u00e9s Humberto Cano Ahuir y no a la alcaldesa Karla C\u00f3rdova.<\/p>\n\n\n\n<p>En su conferencia ma\u00f1anera de este viernes, L\u00f3pez Obrador lament\u00f3 los hechos y el secretario Ojeda Dur\u00e1n detall\u00f3 que unos de los fallecidos en el ataque es uno de los atacantes y otro un polic\u00eda municipal.<\/p>\n\n\n\n<p>El secretario de Marina y asegur\u00f3 que se realizan trabajos de inteligencia para ir \u201cpor este grupo delictivo que est\u00e1 en la regi\u00f3n\u201d.<\/p>\n\n\n\n<blockquote class=\"wp-block-quote is-layout-flow wp-block-quote-is-layout-flow\"><p>\u201c<strong>No fue un ataque directo a la alcaldesa, coincidieron que estaban la alcaldesa y el secretario de seguridad<\/strong>, que es un capit\u00e1n, y hab\u00eda una manifestaci\u00f3n de mujeres. Los dos bajaron a platicar con ellos y en ese momento se dio la agresi\u00f3n, pero iban sobre el capit\u00e1n, sobre el secretario de seguridad.<\/p><\/blockquote>\n\n\n\n<blockquote class=\"wp-block-quote is-layout-flow wp-block-quote-is-layout-flow\"><p>\u201cFalleci\u00f3 uno de los sicarios, ya ten\u00eda orden de aprehensi\u00f3n, hab\u00eda habido dos o tres intentos de detenerlo. Eso es lo que les podemos informar\u201d, declar\u00f3.<\/p><\/blockquote>\n\n\n\n<p>El almirante Jos\u00e9 Rafael Ojeda Dur\u00e1n detall\u00f3 que tanto la alcaldesa como el secretario de seguridad de Guaymas est\u00e1n sin da\u00f1o alguno.&nbsp;<\/p>\n\n\n\n<blockquote class=\"wp-block-quote is-layout-flow wp-block-quote-is-layout-flow\"><p>\u201cDesgraciadamente hubo da\u00f1os colaterales, un polic\u00eda municipal, un sicario y una muchachita que estaba en el lugar y es la hija de un miembro de la Armada de M\u00e9xico.\u00a0<\/p><\/blockquote>\n\n\n\n<blockquote class=\"wp-block-quote is-layout-flow wp-block-quote-is-layout-flow\"><p>\u201cSe est\u00e1 atendiendo todos los relacionado con este caso, vamos a buscar tener mayor informaci\u00f3n de inteligencia para ir por este grupo delictivo que est\u00e1 en la regi\u00f3n\u201d, indic\u00f3.\u00a0<\/p><\/blockquote>\n\n\n\n<p>En las instalaciones de la 12 Zona Militar, y a pregunta expresa, el presidente L\u00f3pez Obrador lament\u00f3 el hecho y envi\u00f3 un abrazo a los familiares de las personas que fallecieron en el ataque armado.\u00a0<\/p>\n\n\n\n<p>Fuente: El Universal<\/p>\n","protected":false},"excerpt":{"rendered":"<p>El almirante Jos\u00e9 Rafael Ojeda Dur\u00e1n, titular de la Secretar\u00eda de Marina (Semar), inform\u00f3 que el ataque armado de este jueves a la presidencia municipal de Guaymas, Sonora, en donde muri\u00f3 Marisol Cuadras, joven de 18 a\u00f1os e integrante del grupo &#8220;Feministas del Mar&#8221;, iba dirigido al secretario de seguridad municipal, capit\u00e1n de Marina, Andr\u00e9s [&hellip;]<\/p>\n","protected":false},"author":6,"featured_media":32013,"comment_status":"open","ping_status":"open","sticky":false,"template":"","format":"standard","meta":{"_monsterinsights_skip_tracking":false,"_monsterinsights_sitenote_active":false,"_monsterinsights_sitenote_note":"","_monsterinsights_sitenote_category":0,"footnotes":""},"categories":[158],"tags":[7424,162,319],"class_list":["post-32011","post","type-post","status-publish","format-standard","has-post-thumbnail","hentry","category-politica","tag-guaymas","tag-portada","tag-semar","wp-image-borders"],"amp_enabled":true,"_links":{"self":[{"href":"https:\/\/nvnoticias.mx\/index.php\/wp-json\/wp\/v2\/posts\/32011","targetHints":{"allow":["GET"]}}],"collection":[{"href":"https:\/\/nvnoticias.mx\/index.php\/wp-json\/wp\/v2\/posts"}],"about":[{"href":"https:\/\/nvnoticias.mx\/index.php\/wp-json\/wp\/v2\/types\/post"}],"author":[{"embeddable":true,"href":"https:\/\/nvnoticias.mx\/index.php\/wp-json\/wp\/v2\/users\/6"}],"replies":[{"embeddable":true,"href":"https:\/\/nvnoticias.mx\/index.php\/wp-json\/wp\/v2\/comments?post=32011"}],"version-history":[{"count":1,"href":"https:\/\/nvnoticias.mx\/index.php\/wp-json\/wp\/v2\/posts\/32011\/revisions"}],"predecessor-version":[{"id":32012,"href":"https:\/\/nvnoticias.mx\/index.php\/wp-json\/wp\/v2\/posts\/32011\/revisions\/32012"}],"wp:featuredmedia":[{"embeddable":true,"href":"https:\/\/nvnoticias.mx\/index.php\/wp-json\/wp\/v2\/media\/32013"}],"wp:attachment":[{"href":"https:\/\/nvnoticias.mx\/index.php\/wp-json\/wp\/v2\/media?parent=32011"}],"wp:term":[{"taxonomy":"category","embeddable":true,"href":"https:\/\/nvnoticias.mx\/index.php\/wp-json\/wp\/v2\/categories?post=32011"},{"taxonomy":"post_tag","embeddable":true,"href":"https:\/\/nvnoticias.mx\/index.php\/wp-json\/wp\/v2\/tags?post=32011"}],"curies":[{"name":"wp","href":"https:\/\/api.w.org\/{rel}","templated":true}]}}