{"id":32003,"date":"2021-11-26T09:54:19","date_gmt":"2021-11-26T15:54:19","guid":{"rendered":"https:\/\/nvnoticias.mx\/?p=32003"},"modified":"2021-11-26T09:54:20","modified_gmt":"2021-11-26T15:54:20","slug":"academicas-ven-inequidad-en-cargas-de-trabajo-durante-pandemia","status":"publish","type":"post","link":"https:\/\/nvnoticias.mx\/index.php\/2021\/11\/26\/academicas-ven-inequidad-en-cargas-de-trabajo-durante-pandemia\/","title":{"rendered":"Acad\u00e9micas ven inequidad en cargas de trabajo durante pandemia"},"content":{"rendered":"\n<p><strong>Sam Ojeda&nbsp;| NV Noticias<\/strong>&nbsp;<\/p>\n\n\n\n<p>Xalapa. &#8211;\u00a0Acad\u00e9micas de la Universidad Veracruzana (UV) han dedicado durante la pandemia por covid-19 hasta 10 horas extras durante sus fines de semana para la atenci\u00f3n de asuntos laborales.\u00a0\u00a0<\/p>\n\n\n\n<p>La colaboradora del Observatorio de Violencias contra Mujeres de la Universidad Veracruzana, Ver\u00f3nica Moreno Uribe, indic\u00f3 que a esto se suma que han dedicado hasta 10 horas m\u00e1s para labores de cuidados o actividades dom\u00e9sticas.&nbsp;&nbsp;<\/p>\n\n\n\n<p>Esto se observ\u00f3 en los resultados de una encuesta que visibiliz\u00f3 una mayor carga tanto acad\u00e9mica como en los hogares para las mujeres. &nbsp;&nbsp;<\/p>\n\n\n\n<blockquote class=\"wp-block-quote is-layout-flow wp-block-quote-is-layout-flow\"><p>\u201cNo solamente hay un incremento en los trabajos acad\u00e9micos en\u00a0tele-trabajo\u00a0sino que los trabajos de cuidados han reportado un incremento en t\u00e9rminos de despliegue de esfuerzos y tiempo como desinfecci\u00f3n, el cuidado relativo a la crianza, adem\u00e1s de los trabajos dom\u00e9sticos\u201d.\u00a0<\/p><\/blockquote>\n\n\n\n<p>Dijo que el trabajo de cuidados ha reca\u00eddo preponderantemente sobre las acad\u00e9micas y al estar sujetas a las mismas presiones acad\u00e9micas que sus colegas varones disponen de menos tiempo para atenderlas y con menos posibilidades de negociaci\u00f3n al interior de sus comunidades acad\u00e9micas.&nbsp;&nbsp;<\/p>\n\n\n\n<p>Agreg\u00f3&nbsp;que&nbsp;aunque el incremento tambi\u00e9n se observa entre los hombres, es observable que los trabajos est\u00e1n desigualmente distribuidos y las pol\u00edticas institucionales al interior de la Universidad no est\u00e1n favoreciendo la conciliaci\u00f3n y redistribuci\u00f3n del trabajo acad\u00e9mico y de cuidados.&nbsp;&nbsp;<\/p>\n\n\n\n<blockquote class=\"wp-block-quote is-layout-flow wp-block-quote-is-layout-flow\"><p>\u201cHa aumentado no solo el trabajo que se realiza entre semana sino tambi\u00e9n el que se destina para los fines de semana y que hemos denominado pendientes acad\u00e9micos. El 69 por ciento de las mujeres encuestadas en las cinco regiones de la UV reportaron que en los dos d\u00edas de fin de semana dedican de 8 a 10 horas y el 31 por ciento dedican tiempo de descanso a atender estos trabajos\u201d.\u00a0<\/p><\/blockquote>\n","protected":false},"excerpt":{"rendered":"<p>Sam Ojeda&nbsp;| NV Noticias&nbsp; Xalapa. &#8211;\u00a0Acad\u00e9micas de la Universidad Veracruzana (UV) han dedicado durante la pandemia por covid-19 hasta 10 horas extras durante sus fines de semana para la atenci\u00f3n de asuntos laborales.\u00a0\u00a0 La colaboradora del Observatorio de Violencias contra Mujeres de la Universidad Veracruzana, Ver\u00f3nica Moreno Uribe, indic\u00f3 que a esto se suma que [&hellip;]<\/p>\n","protected":false},"author":6,"featured_media":32006,"comment_status":"open","ping_status":"open","sticky":false,"template":"","format":"standard","meta":{"_monsterinsights_skip_tracking":false,"_monsterinsights_sitenote_active":false,"_monsterinsights_sitenote_note":"","_monsterinsights_sitenote_category":0,"footnotes":""},"categories":[156],"tags":[318,449],"class_list":["post-32003","post","type-post","status-publish","format-standard","has-post-thumbnail","hentry","category-estado","tag-pandemia","tag-trabajo","wp-image-borders"],"amp_enabled":true,"_links":{"self":[{"href":"https:\/\/nvnoticias.mx\/index.php\/wp-json\/wp\/v2\/posts\/32003","targetHints":{"allow":["GET"]}}],"collection":[{"href":"https:\/\/nvnoticias.mx\/index.php\/wp-json\/wp\/v2\/posts"}],"about":[{"href":"https:\/\/nvnoticias.mx\/index.php\/wp-json\/wp\/v2\/types\/post"}],"author":[{"embeddable":true,"href":"https:\/\/nvnoticias.mx\/index.php\/wp-json\/wp\/v2\/users\/6"}],"replies":[{"embeddable":true,"href":"https:\/\/nvnoticias.mx\/index.php\/wp-json\/wp\/v2\/comments?post=32003"}],"version-history":[{"count":1,"href":"https:\/\/nvnoticias.mx\/index.php\/wp-json\/wp\/v2\/posts\/32003\/revisions"}],"predecessor-version":[{"id":32007,"href":"https:\/\/nvnoticias.mx\/index.php\/wp-json\/wp\/v2\/posts\/32003\/revisions\/32007"}],"wp:featuredmedia":[{"embeddable":true,"href":"https:\/\/nvnoticias.mx\/index.php\/wp-json\/wp\/v2\/media\/32006"}],"wp:attachment":[{"href":"https:\/\/nvnoticias.mx\/index.php\/wp-json\/wp\/v2\/media?parent=32003"}],"wp:term":[{"taxonomy":"category","embeddable":true,"href":"https:\/\/nvnoticias.mx\/index.php\/wp-json\/wp\/v2\/categories?post=32003"},{"taxonomy":"post_tag","embeddable":true,"href":"https:\/\/nvnoticias.mx\/index.php\/wp-json\/wp\/v2\/tags?post=32003"}],"curies":[{"name":"wp","href":"https:\/\/api.w.org\/{rel}","templated":true}]}}