{"id":31983,"date":"2021-11-25T16:38:58","date_gmt":"2021-11-25T22:38:58","guid":{"rendered":"https:\/\/nvnoticias.mx\/?p=31983"},"modified":"2021-11-25T16:38:59","modified_gmt":"2021-11-25T22:38:59","slug":"veracruz-aumenta-en-pobreza-laboral-familias-reportan-menores-ingresos","status":"publish","type":"post","link":"https:\/\/nvnoticias.mx\/index.php\/2021\/11\/25\/veracruz-aumenta-en-pobreza-laboral-familias-reportan-menores-ingresos\/","title":{"rendered":"Veracruz aumenta en pobreza laboral, familias reportan menores ingresos"},"content":{"rendered":"\n<p><strong>Sam Ojeda\u00a0| NV Noticias<\/strong><\/p>\n\n\n\n<p>Xalapa.-\u00a0La pobreza laboral aument\u00f3 6.6 por ciento al corte del tercer trimestre de 2021 en Veracruz, y con ellos el n\u00famero de\u00a0familias con ingresos inferiores al valor de la canasta b\u00e1sica.<\/p>\n\n\n\n<p>De acuerdo con el Consejo Nacional de Evaluaci\u00f3n de la Pol\u00edtica de Desarrollo Social (Coneval) el 56.9 por\u00a0ciento de la\u00a0poblaci\u00f3n\u00a0reporta ingresos por debajo de la canasta\u00a0b\u00e1sica.\u00a0<\/p>\n\n\n\n<p>La cifra\u00a0significa un\u00a0incruento importante al pasar de 50.4 por ciento reportado en junio de este a\u00f1o a 56.9 al cierre de septiembre.<\/p>\n\n\n\n<p>Los\u00a0municipios de Veracruz y Coatzacoalcos tienen un mayor tama\u00f1o de poblaci\u00f3n con ingresos inferiores abajo de la canasta b\u00e1sica, con 42.2 por ciento y 41.1 por\u00a0ciento, respectivamente.<\/p>\n\n\n\n<p>De junio a septiembre de este a\u00f1o el salario de los veracruzanos perdi\u00f3 un 1.2 por ciento de su poder adquisitivo.<\/p>\n","protected":false},"excerpt":{"rendered":"<p>Sam Ojeda\u00a0| NV Noticias Xalapa.-\u00a0La pobreza laboral aument\u00f3 6.6 por ciento al corte del tercer trimestre de 2021 en Veracruz, y con ellos el n\u00famero de\u00a0familias con ingresos inferiores al valor de la canasta b\u00e1sica. De acuerdo con el Consejo Nacional de Evaluaci\u00f3n de la Pol\u00edtica de Desarrollo Social (Coneval) el 56.9 por\u00a0ciento de la\u00a0poblaci\u00f3n\u00a0reporta [&hellip;]<\/p>\n","protected":false},"author":7,"featured_media":31984,"comment_status":"open","ping_status":"open","sticky":false,"template":"","format":"standard","meta":{"_monsterinsights_skip_tracking":false,"_monsterinsights_sitenote_active":false,"_monsterinsights_sitenote_note":"","_monsterinsights_sitenote_category":0,"footnotes":""},"categories":[156],"tags":[5445,7419,5746,180],"class_list":["post-31983","post","type-post","status-publish","format-standard","has-post-thumbnail","hentry","category-estado","tag-familias","tag-ingresos","tag-pobreza-laboral","tag-veracruz","wp-image-borders"],"amp_enabled":true,"_links":{"self":[{"href":"https:\/\/nvnoticias.mx\/index.php\/wp-json\/wp\/v2\/posts\/31983","targetHints":{"allow":["GET"]}}],"collection":[{"href":"https:\/\/nvnoticias.mx\/index.php\/wp-json\/wp\/v2\/posts"}],"about":[{"href":"https:\/\/nvnoticias.mx\/index.php\/wp-json\/wp\/v2\/types\/post"}],"author":[{"embeddable":true,"href":"https:\/\/nvnoticias.mx\/index.php\/wp-json\/wp\/v2\/users\/7"}],"replies":[{"embeddable":true,"href":"https:\/\/nvnoticias.mx\/index.php\/wp-json\/wp\/v2\/comments?post=31983"}],"version-history":[{"count":1,"href":"https:\/\/nvnoticias.mx\/index.php\/wp-json\/wp\/v2\/posts\/31983\/revisions"}],"predecessor-version":[{"id":31985,"href":"https:\/\/nvnoticias.mx\/index.php\/wp-json\/wp\/v2\/posts\/31983\/revisions\/31985"}],"wp:featuredmedia":[{"embeddable":true,"href":"https:\/\/nvnoticias.mx\/index.php\/wp-json\/wp\/v2\/media\/31984"}],"wp:attachment":[{"href":"https:\/\/nvnoticias.mx\/index.php\/wp-json\/wp\/v2\/media?parent=31983"}],"wp:term":[{"taxonomy":"category","embeddable":true,"href":"https:\/\/nvnoticias.mx\/index.php\/wp-json\/wp\/v2\/categories?post=31983"},{"taxonomy":"post_tag","embeddable":true,"href":"https:\/\/nvnoticias.mx\/index.php\/wp-json\/wp\/v2\/tags?post=31983"}],"curies":[{"name":"wp","href":"https:\/\/api.w.org\/{rel}","templated":true}]}}