{"id":31930,"date":"2021-11-25T12:15:28","date_gmt":"2021-11-25T18:15:28","guid":{"rendered":"https:\/\/nvnoticias.mx\/?p=31930"},"modified":"2021-11-25T12:15:29","modified_gmt":"2021-11-25T18:15:29","slug":"puntualizaciones","status":"publish","type":"post","link":"https:\/\/nvnoticias.mx\/index.php\/2021\/11\/25\/puntualizaciones\/","title":{"rendered":"Puntualizaciones"},"content":{"rendered":"\n<blockquote class=\"wp-block-quote is-layout-flow wp-block-quote-is-layout-flow\"><p><em>\u00a0Si bien s\u00f3lo unos pocos son capaces de dar origen a una pol\u00edtica, todos nosotros somos capaces de juzgarla.<\/em><\/p><cite><strong>Pericles<\/strong><\/cite><\/blockquote>\n\n\n\n<p><strong>\u00a0<\/strong>Son tantas las fallas, equivocaciones y atropellos a la ley en los tres primeros a\u00f1os de gobierno del presidente L\u00f3pez Obrador, que es dif\u00edcil destacar alg\u00fan acierto. Reconozco que me asombr\u00f3 su comportamiento en Washington. En contra de su actitud de peleador callejero, se le vio sensato y prudente.<\/p>\n\n\n\n<p>En la segunda parte de su gobierno se le presenta un dilema que no consiste en elegir entre las pol\u00edticas de C\u00e1rdenas o Salinas, sino entre los principios liberales de Ju\u00e1rez y los estatistas de C\u00e1rdenas.<\/p>\n\n\n\n<p>En la Constituci\u00f3n de 1857 se consignaban solamente dos \u00e1reas exclusivas del Estado: acu\u00f1aci\u00f3n de moneda y correo. Jos\u00e9 Mar\u00eda Mata y Guillermo Prieto celebraban una econom\u00eda abierta a la inversi\u00f3n nacional y extranjera con respeto a los derechos de propiedad. Ju\u00e1rez nunca concibi\u00f3 un Estado empresario. Apostaba por la creatividad e iniciativa del ciudadano y por una aut\u00e9ntica divisi\u00f3n de poderes. El tratado McLane-Ocampo, incluso conten\u00eda cl\u00e1usulas de libre tr\u00e1nsito de mercanc\u00edas.<\/p>\n\n\n\n<p>En contraste, C\u00e1rdenas sosten\u00eda que el Estado ten\u00eda que absorber el mayor poder para fortalecer la soberan\u00eda y la justicia social. Creo que el Partido de la Revoluci\u00f3n Mexicana, a diferencia del creado por Calles, no se conceb\u00eda para competir con otros partidos. Simplemente, el que no estaba en sus filas era un reaccionario, enemigo del progreso.<\/p>\n\n\n\n<p>L\u00f3pez Obrador habl\u00f3 en Washington de la integraci\u00f3n econ\u00f3mica de Am\u00e9rica del Norte, incluso de fortalecerse para su confrontaci\u00f3n con el poder\u00edo asi\u00e1tico de China. Ah\u00ed es donde se da la incongruencia.<\/p>\n\n\n\n<p>Los expertos coinciden en calificar como regresiva y antiecon\u00f3mica la reforma propuesta en materia de energ\u00eda. No hay un argumento s\u00f3lido que la justifique. Escudri\u00f1ando en su contenido se encuentra una explicaci\u00f3n que tambi\u00e9n se aplica a Pemex. Las empresas paraestatales, dizque productivas, no pueden subsistir en un mercado energ\u00e9tico abierto y competitivo por su ineficacia, altos costos, empleoman\u00eda y corrupci\u00f3n. Requieren del apoyo del Estado en todos los \u00f3rdenes.<\/p>\n\n\n\n<p>Por muchos a\u00f1os se crearon condiciones para la competencia mediante instituciones que regularan el mercado y ofrecieran garant\u00edas a los inversionistas privados (nacionales y extranjeros) que obviamente ponderaban sus posibilidades para hacer negocios. Ni el m\u00e1s iluso pod\u00eda esperar que lo hicieran por razones altruistas. La empresa p\u00fablica, por su parte, por otro tipo de causas, totalmente irracionales e injustificadas, reciben protecci\u00f3n jur\u00eddica y amplios apoyos econ\u00f3micos del sector p\u00fablico. La tesis es la misma. Pemex y CFE son s\u00edmbolos de mexicanidad, en ellas encarna la patria, por eso se les da prioridad frente a la necesidad de ofrecerles a los mexicanos los servicios m\u00e1s elementales, que son los deberes primigenios del gobierno.<\/p>\n\n\n\n<p>La oportunidad es ben\u00e9fica para M\u00e9xico y el Presidente lo expres\u00f3 con claridad, pero debe ser complementada desistiendo de impulsar su reforma, por absurda, inoportuna y contraria a los intereses de M\u00e9xico. De persistir, incurrir\u00eda en un m\u00e1s acentuado descr\u00e9dito con nuestros socios, al no cumplir compromisos ya contra\u00eddos.<\/p>\n\n\n\n<p>Ya se perdieron tres a\u00f1os de graves desaciertos. Percibo imposible que puedan corregirse en la segunda parte de este gobierno. Si L\u00f3pez Obrador da un giro en sus posicionamientos, como muchos percibimos en la reciente reuni\u00f3n cumbre, cuando menos evitar\u00e1 males mayores.<\/p>\n\n\n\n<p>En 1981, Rolando Cordera y Carlos Tello, en su libro\u00a0<em>La disputa por la naci\u00f3n<\/em>, escribieron: <em>\u201cM\u00e9xico parece estar viviendo una alteraci\u00f3n de gran alcance en el complejo de expectativas y percepciones de la realidad que conforman la conciencia social y definen el car\u00e1cter de una \u00e9poca\u201d. Las circunstancias actuales son las mismas. El Presidente se\u00f1al\u00f3 el rumbo: \u201cLo m\u00e1s conveniente es fortalecernos comercialmente en todo el continente\u201d. Ojal\u00e1 no incurra en sus notables incongruencias.<\/em><\/p>\n","protected":false},"excerpt":{"rendered":"<p>\u00a0Si bien s\u00f3lo unos pocos son capaces de dar origen a una pol\u00edtica, todos nosotros somos capaces de juzgarla. Pericles \u00a0Son tantas las fallas, equivocaciones y atropellos a la ley en los tres primeros a\u00f1os de gobierno del presidente L\u00f3pez Obrador, que es dif\u00edcil destacar alg\u00fan acierto. Reconozco que me asombr\u00f3 su comportamiento en Washington. [&hellip;]<\/p>\n","protected":false},"author":6,"featured_media":8892,"comment_status":"open","ping_status":"open","sticky":false,"template":"","format":"standard","meta":{"_monsterinsights_skip_tracking":false,"_monsterinsights_sitenote_active":false,"_monsterinsights_sitenote_note":"","_monsterinsights_sitenote_category":0,"footnotes":""},"categories":[614],"tags":[397],"class_list":["post-31930","post","type-post","status-publish","format-standard","has-post-thumbnail","hentry","category-politica-de-principios","tag-juan-jose-rodriguez-prats-2","wp-image-borders"],"amp_enabled":true,"_links":{"self":[{"href":"https:\/\/nvnoticias.mx\/index.php\/wp-json\/wp\/v2\/posts\/31930","targetHints":{"allow":["GET"]}}],"collection":[{"href":"https:\/\/nvnoticias.mx\/index.php\/wp-json\/wp\/v2\/posts"}],"about":[{"href":"https:\/\/nvnoticias.mx\/index.php\/wp-json\/wp\/v2\/types\/post"}],"author":[{"embeddable":true,"href":"https:\/\/nvnoticias.mx\/index.php\/wp-json\/wp\/v2\/users\/6"}],"replies":[{"embeddable":true,"href":"https:\/\/nvnoticias.mx\/index.php\/wp-json\/wp\/v2\/comments?post=31930"}],"version-history":[{"count":2,"href":"https:\/\/nvnoticias.mx\/index.php\/wp-json\/wp\/v2\/posts\/31930\/revisions"}],"predecessor-version":[{"id":31932,"href":"https:\/\/nvnoticias.mx\/index.php\/wp-json\/wp\/v2\/posts\/31930\/revisions\/31932"}],"wp:featuredmedia":[{"embeddable":true,"href":"https:\/\/nvnoticias.mx\/index.php\/wp-json\/wp\/v2\/media\/8892"}],"wp:attachment":[{"href":"https:\/\/nvnoticias.mx\/index.php\/wp-json\/wp\/v2\/media?parent=31930"}],"wp:term":[{"taxonomy":"category","embeddable":true,"href":"https:\/\/nvnoticias.mx\/index.php\/wp-json\/wp\/v2\/categories?post=31930"},{"taxonomy":"post_tag","embeddable":true,"href":"https:\/\/nvnoticias.mx\/index.php\/wp-json\/wp\/v2\/tags?post=31930"}],"curies":[{"name":"wp","href":"https:\/\/api.w.org\/{rel}","templated":true}]}}