{"id":31736,"date":"2021-11-23T12:30:51","date_gmt":"2021-11-23T18:30:51","guid":{"rendered":"https:\/\/nvnoticias.mx\/?p=31736"},"modified":"2021-11-23T12:30:52","modified_gmt":"2021-11-23T18:30:52","slug":"rompe-el-silencio-laura-bozzo-sobre-sus-problemas-legales","status":"publish","type":"post","link":"https:\/\/nvnoticias.mx\/index.php\/2021\/11\/23\/rompe-el-silencio-laura-bozzo-sobre-sus-problemas-legales\/","title":{"rendered":"Rompe el silencio Laura Bozzo sobre sus problemas legales"},"content":{"rendered":"\n<p>La pol\u00e9mica conductora de televisi\u00f3n&nbsp;<strong>Laura Bozzo reapareci\u00f3 despu\u00e9s de mucho tiempo lejos de las c\u00e1maras<\/strong>, la expresentadora de&nbsp;<em>Laura en Am\u00e9rica<\/em>&nbsp;concedi\u00f3 una entrevista exclusiva d<strong>onde habl\u00f3 sobre el proceso legal en el que estaba envuelta, su disposici\u00f3n a pagar lo que debe, sus problemas de salud y sus proyectos a futuro.<\/strong><\/p>\n\n\n\n<p>La expresentadora fue invitada por el matutino de TV Azteca, Venga la Alegr\u00eda, y habl\u00f3 sobre el proceso legal que ten\u00eda por presuntamente haber vendido una casa embargada.<\/p>\n\n\n\n<p><strong>\u201cEs falso que yo deba impuestos<\/strong>\u00a0[&#8230;] Aqu\u00ed se habla de una casa embargada, y esto es falso. Yo la hab\u00eda ofrecido y me la rechazaron, cuando la vend\u00ed ten\u00eda todo los documentos del registro p\u00fablico, cualquiera puede ir al registro p\u00fablico y ver que esa casa nunca estuvo embargada.\u00a0<strong>Yo acabo de dar 2,600,000 de pesos [&#8230;] Ahorita estamos negociando con las pruebas que tengo<\/strong>\u201d, asever\u00f3.<\/p>\n\n\n\n<p>Cabe se\u00f1alar que el pasado 11 de agosto, Laura Bozzo fue procesada por un presunto delito fiscal que sobrepasa los 13 millones de pesos, casi 60 mil d\u00f3lares, al supuestamente vender un inmueble embargado por el Servicio de Administraci\u00f3n Tributaria (SAT).<\/p>\n\n\n\n<p>\u201c<strong>Ahora lo que se tiene que pagar, se paga<\/strong>.\u00a0<strong>Lo que se debe se paga.\u00a0<\/strong>Yo como figura p\u00fablica soy la primera que tengo que hablar en que la gente tiene que pagar porque impuestos porque el SAT hace muchas obras p\u00fablicas, yo no tengo ning\u00fan problema con las autoridades\u201d, dijo y adem\u00e1s coment\u00f3 que nunca fue una persecuci\u00f3n pol\u00edtica\u00a0<strong>por la ficha roja que se le giro ante la Interpol.<\/strong><\/p>\n\n\n\n<p>Por su parte, el conductor del matutino, Ricardo Casares cuestion\u00f3 la decisi\u00f3n de Laura por haberse dado a la fuga, a lo cual ella agradeci\u00f3 la pregunta y se\u00f1al\u00f3 que\u00a0<strong>si pisaba la c\u00e1rcel era una \u201cmuerte anticipada\u201d<\/strong>\u00a0por los detalles de salud que sufre.<\/p>\n\n\n\n<blockquote class=\"wp-block-quote is-layout-flow wp-block-quote-is-layout-flow\"><p>\u201cYo soy una persona que tiene una depresi\u00f3n cl\u00ednica desde los 8 a\u00f1os. Estuve un a\u00f1o con el\u00a0<strong>estomago abierto, tuve septicemia y c\u00e1ncer de mama.<\/strong>\u00a0Yo no puedo comer cualquier cosa porque tengo \u2018divert\u00edculos\u2019, explotan y muero desangrada, si no me presente fue porque sab\u00eda que\u00a0<strong>la c\u00e1rcel era una sentencia de muerte anticipada<\/strong>, todo es una bola.\u00a0<strong>Yo si hubiera sido m\u00e1s joven, jam\u00e1s hubiera hecho esto.\u00a0<\/strong>Tengo todos las recetas de mis m\u00e9dicos\u201d, explic\u00f3 la exconductora de TV Azteca.<\/p><\/blockquote>\n\n\n\n<p>La conductora detall\u00f3, en otro temas, que tiene varias propuestas para regresar a la televisi\u00f3n y agreg\u00f3 que est\u00e1 trabajando en una<strong>&nbsp;bioserie para contar a detalle su versi\u00f3n de los hechos<\/strong>. Por otro lado, se refiri\u00f3 que el d\u00eda de ayer fue notificada de la&nbsp;<strong>suspensi\u00f3n definitiva de su orden de captura por el delito de defraudaci\u00f3n fiscal.<\/strong><\/p>\n\n\n\n<p>\u201cMira, hemos pagado esta cantidad (Dos millones seiscientos pesos) yo conf\u00edo plenamente en la justicia, creo que esto fue muy mal manejado.\u00a0<strong>Este delito no ameritaba prisi\u00f3n preventiva, creo que ah\u00ed hubo un exceso por parte del juez<\/strong>\u201d, finaliz\u00f3 la presentadora.<\/p>\n\n\n\n<p>Fue a trav\u00e9s de su cuenta de Twitter, que Laura Bozzo revel\u00f3 que se realiz\u00f3 el pago solicitado para la suspensi\u00f3n de la orden de aprehensi\u00f3n, por lo que el juzgado puso fin al tr\u00e1mite.<\/p>\n\n\n\n<blockquote class=\"wp-block-quote is-layout-flow wp-block-quote-is-layout-flow\"><p>\u201c<strong>El d\u00eda de hoy fuimos notificados de la suspensi\u00f3n definitiva de mi orden de captura por haber cumplido con los requisitos impuestos por el juez<\/strong>, me apersone al juzgado y se pag\u00f3 lo solicitado, muy agradecida con el Dr. Diego Ruiz Duran y su equipo\u201d, escribi\u00f3 en la red social.<\/p><\/blockquote>\n\n\n\n<p>Fuente: Infobae<\/p>\n","protected":false},"excerpt":{"rendered":"<p>La pol\u00e9mica conductora de televisi\u00f3n&nbsp;Laura Bozzo reapareci\u00f3 despu\u00e9s de mucho tiempo lejos de las c\u00e1maras, la expresentadora de&nbsp;Laura en Am\u00e9rica&nbsp;concedi\u00f3 una entrevista exclusiva donde habl\u00f3 sobre el proceso legal en el que estaba envuelta, su disposici\u00f3n a pagar lo que debe, sus problemas de salud y sus proyectos a futuro. La expresentadora fue invitada por [&hellip;]<\/p>\n","protected":false},"author":35,"featured_media":21732,"comment_status":"open","ping_status":"open","sticky":false,"template":"","format":"standard","meta":{"_monsterinsights_skip_tracking":false,"_monsterinsights_sitenote_active":false,"_monsterinsights_sitenote_note":"","_monsterinsights_sitenote_category":0,"footnotes":""},"categories":[157],"tags":[2180,5544,7338],"class_list":["post-31736","post","type-post","status-publish","format-standard","has-post-thumbnail","hentry","category-nacional","tag-interpol","tag-laura-bozzo","tag-problemas-legales","wp-image-borders"],"amp_enabled":true,"_links":{"self":[{"href":"https:\/\/nvnoticias.mx\/index.php\/wp-json\/wp\/v2\/posts\/31736","targetHints":{"allow":["GET"]}}],"collection":[{"href":"https:\/\/nvnoticias.mx\/index.php\/wp-json\/wp\/v2\/posts"}],"about":[{"href":"https:\/\/nvnoticias.mx\/index.php\/wp-json\/wp\/v2\/types\/post"}],"author":[{"embeddable":true,"href":"https:\/\/nvnoticias.mx\/index.php\/wp-json\/wp\/v2\/users\/35"}],"replies":[{"embeddable":true,"href":"https:\/\/nvnoticias.mx\/index.php\/wp-json\/wp\/v2\/comments?post=31736"}],"version-history":[{"count":1,"href":"https:\/\/nvnoticias.mx\/index.php\/wp-json\/wp\/v2\/posts\/31736\/revisions"}],"predecessor-version":[{"id":31737,"href":"https:\/\/nvnoticias.mx\/index.php\/wp-json\/wp\/v2\/posts\/31736\/revisions\/31737"}],"wp:featuredmedia":[{"embeddable":true,"href":"https:\/\/nvnoticias.mx\/index.php\/wp-json\/wp\/v2\/media\/21732"}],"wp:attachment":[{"href":"https:\/\/nvnoticias.mx\/index.php\/wp-json\/wp\/v2\/media?parent=31736"}],"wp:term":[{"taxonomy":"category","embeddable":true,"href":"https:\/\/nvnoticias.mx\/index.php\/wp-json\/wp\/v2\/categories?post=31736"},{"taxonomy":"post_tag","embeddable":true,"href":"https:\/\/nvnoticias.mx\/index.php\/wp-json\/wp\/v2\/tags?post=31736"}],"curies":[{"name":"wp","href":"https:\/\/api.w.org\/{rel}","templated":true}]}}