{"id":31719,"date":"2021-11-23T11:52:50","date_gmt":"2021-11-23T17:52:50","guid":{"rendered":"https:\/\/nvnoticias.mx\/?p=31719"},"modified":"2021-11-23T11:52:52","modified_gmt":"2021-11-23T17:52:52","slug":"acusan-usuarios-de-cfe-que-persisten-los-cobros-excesivos","status":"publish","type":"post","link":"https:\/\/nvnoticias.mx\/index.php\/2021\/11\/23\/acusan-usuarios-de-cfe-que-persisten-los-cobros-excesivos\/","title":{"rendered":"Acusan usuarios de CFE que persisten los cobros excesivos"},"content":{"rendered":"\n<p><strong>Jes\u00fas Utrilla&nbsp;| NV Noticias<\/strong>&nbsp;<\/p>\n\n\n\n<p>Veracruz. \u2013&nbsp;Usuarios de la Comisi\u00f3n Federal de Electricidad acusaron que persisten los cobros excesivos por el servicio.&nbsp;<\/p>\n\n\n\n<p>Jos\u00e9 Filem\u00f3n Robles Rodr\u00edguez, quien vive en Boca Del R\u00edo, explic\u00f3 que el 27 de octubre se presentaron dos personas en un veh\u00edculo de la paraestatal quienes le notificaron que iba a ser sujeto a una revisi\u00f3n del sistema de medici\u00f3n.&nbsp;<\/p>\n\n\n\n<p>\u00c9l tiene dos medidores, uno dom\u00e9stico y otro comercial.&nbsp;<\/p>\n\n\n\n<p>Le solicitaron que acudiera a las oficinas de CFE porque le realizar\u00edan un ajuste tarifario y fue atendido hasta el 21 de noviembre.&nbsp;<\/p>\n\n\n\n<p>Los montos fueron de 17 mil pesos en el medidor dom\u00e9stico y de 89 mil en el comercial.&nbsp;<\/p>\n\n\n\n<blockquote class=\"wp-block-quote is-layout-flow wp-block-quote-is-layout-flow\"><p>\u201cMe dieron unas hojas en las que me dijeron que fuera a Comisi\u00f3n Federal de 20 de noviembre, pero me trajeron a las vueltas y luego me dijeron que iba a ser sujeto a un ajuste porque resulta que derivado de la revisi\u00f3n hubo descontrol de los medidores porque no estaban registrados en CFE y hab\u00eda diferencia entre lo que marcaban los medidores y lo que me facturaban, pero era de 17 mil en el dom\u00e9stico y de 89 mil en el comercial\u201d.\u00a0<\/p><\/blockquote>\n\n\n\n<p>Para evitar que le cortaran el servicio ingres\u00f3 una queja ante la Procuradur\u00eda Federal del Consumidor.&nbsp;<\/p>\n\n\n\n<p>Sin embargo, solicit\u00f3 que le arreglen la medici\u00f3n y la tarifa.&nbsp;<\/p>\n\n\n\n<p>Acus\u00f3 que en reiteradas ocasiones personal de la paraestatal ha acudido a su domicilio a pedirle dinero para no levantarle reportes.&nbsp;<\/p>\n","protected":false},"excerpt":{"rendered":"<p>Jes\u00fas Utrilla&nbsp;| NV Noticias&nbsp; Veracruz. \u2013&nbsp;Usuarios de la Comisi\u00f3n Federal de Electricidad acusaron que persisten los cobros excesivos por el servicio.&nbsp; Jos\u00e9 Filem\u00f3n Robles Rodr\u00edguez, quien vive en Boca Del R\u00edo, explic\u00f3 que el 27 de octubre se presentaron dos personas en un veh\u00edculo de la paraestatal quienes le notificaron que iba a ser sujeto [&hellip;]<\/p>\n","protected":false},"author":6,"featured_media":23436,"comment_status":"open","ping_status":"open","sticky":false,"template":"","format":"standard","meta":{"_monsterinsights_skip_tracking":false,"_monsterinsights_sitenote_active":false,"_monsterinsights_sitenote_note":"","_monsterinsights_sitenote_category":0,"footnotes":""},"categories":[154],"tags":[821,7334],"class_list":["post-31719","post","type-post","status-publish","format-standard","has-post-thumbnail","hentry","category-veracruz","tag-cfe","tag-cobros","wp-image-borders"],"amp_enabled":true,"_links":{"self":[{"href":"https:\/\/nvnoticias.mx\/index.php\/wp-json\/wp\/v2\/posts\/31719","targetHints":{"allow":["GET"]}}],"collection":[{"href":"https:\/\/nvnoticias.mx\/index.php\/wp-json\/wp\/v2\/posts"}],"about":[{"href":"https:\/\/nvnoticias.mx\/index.php\/wp-json\/wp\/v2\/types\/post"}],"author":[{"embeddable":true,"href":"https:\/\/nvnoticias.mx\/index.php\/wp-json\/wp\/v2\/users\/6"}],"replies":[{"embeddable":true,"href":"https:\/\/nvnoticias.mx\/index.php\/wp-json\/wp\/v2\/comments?post=31719"}],"version-history":[{"count":1,"href":"https:\/\/nvnoticias.mx\/index.php\/wp-json\/wp\/v2\/posts\/31719\/revisions"}],"predecessor-version":[{"id":31720,"href":"https:\/\/nvnoticias.mx\/index.php\/wp-json\/wp\/v2\/posts\/31719\/revisions\/31720"}],"wp:featuredmedia":[{"embeddable":true,"href":"https:\/\/nvnoticias.mx\/index.php\/wp-json\/wp\/v2\/media\/23436"}],"wp:attachment":[{"href":"https:\/\/nvnoticias.mx\/index.php\/wp-json\/wp\/v2\/media?parent=31719"}],"wp:term":[{"taxonomy":"category","embeddable":true,"href":"https:\/\/nvnoticias.mx\/index.php\/wp-json\/wp\/v2\/categories?post=31719"},{"taxonomy":"post_tag","embeddable":true,"href":"https:\/\/nvnoticias.mx\/index.php\/wp-json\/wp\/v2\/tags?post=31719"}],"curies":[{"name":"wp","href":"https:\/\/api.w.org\/{rel}","templated":true}]}}