{"id":31652,"date":"2021-11-22T11:46:23","date_gmt":"2021-11-22T17:46:23","guid":{"rendered":"https:\/\/nvnoticias.mx\/?p=31652"},"modified":"2021-11-22T11:46:24","modified_gmt":"2021-11-22T17:46:24","slug":"repunto-la-inseguridad-en-el-fraccionamiento-reforma","status":"publish","type":"post","link":"https:\/\/nvnoticias.mx\/index.php\/2021\/11\/22\/repunto-la-inseguridad-en-el-fraccionamiento-reforma\/","title":{"rendered":"Repunt\u00f3 la inseguridad en el Fraccionamiento Reforma"},"content":{"rendered":"\n<p><strong>Jes\u00fas Utrilla&nbsp;| NV Noticias<\/strong>&nbsp;<\/p>\n\n\n\n<p>Veracruz. \u2013&nbsp;Habitantes del Fraccionamiento Reforma llamaron a las autoridades a implementar mayor vigilancia, porque la inseguridad repunt\u00f3 en los \u00faltimos meses.&nbsp;<\/p>\n\n\n\n<p>Mireya Hern\u00e1ndez Cort\u00e9s, vecina del lugar, dijo que los propios residentes colocaron sistemas de vigilancia y est\u00e1n adquiriendo drones para protegerse.&nbsp;<\/p>\n\n\n\n<p>Explic\u00f3 que en ocasiones los maleantes introduciendo las casas, otras veces a los comercios, pero sobre todo se suben a los techos para robarse la tuber\u00eda de cobre, ocasionando p\u00e9rdidas y molestias a los vecinos.&nbsp;<\/p>\n\n\n\n<blockquote class=\"wp-block-quote is-layout-flow wp-block-quote-is-layout-flow\"><p>\u201cEn el fraccionamiento Reforma ha habido robos, todo el tiempo. Afortunadamente los vecinos nos estamos apoyando unos a otros y estamos vigilando. Se suben a los techos de las casas con una facilidad incre\u00edble para robar la tuber\u00eda\u201d.\u00a0<\/p><\/blockquote>\n\n\n\n<p>La zona m\u00e1s conflictiva del fraccionamiento est\u00e1 conformada por las calles Mart\u00ed, Washington, Am\u00e9rico Vespucio, entre otros.&nbsp;<\/p>\n\n\n\n<p>De enero a la fecha recrudeci\u00f3 la inseguridad, de acuerdo a los vecinos.&nbsp;<\/p>\n\n\n\n<p>A su parecer no se cuenta con la vigilancia suficiente, por lo cual ellos mismos comenzaron a invertir en equipos de seguridad, acorde a las posibilidades econ\u00f3micas de cada familia, para proteger su patrimonio e integridad f\u00edsica.&nbsp;<\/p>\n\n\n\n<blockquote class=\"wp-block-quote is-layout-flow wp-block-quote-is-layout-flow\"><p>\u201cHubo dos casos de que se han metido a las causas y afortunadamente no pas\u00f3 m\u00e1s all\u00e1 del robo. Se supone que es un buen fraccionamiento, pero eso parece que ha quedado atr\u00e1s\u201d.\u00a0<\/p><\/blockquote>\n\n\n\n<p>Insisti\u00f3 en que es necesario que la polic\u00eda tenga mayor presencia en el fraccionamiento porque de unos meses a la fecha la inseguridad se encuentra imparable.<\/p>\n","protected":false},"excerpt":{"rendered":"<p>Jes\u00fas Utrilla&nbsp;| NV Noticias&nbsp; Veracruz. \u2013&nbsp;Habitantes del Fraccionamiento Reforma llamaron a las autoridades a implementar mayor vigilancia, porque la inseguridad repunt\u00f3 en los \u00faltimos meses.&nbsp; Mireya Hern\u00e1ndez Cort\u00e9s, vecina del lugar, dijo que los propios residentes colocaron sistemas de vigilancia y est\u00e1n adquiriendo drones para protegerse.&nbsp; Explic\u00f3 que en ocasiones los maleantes introduciendo las casas, [&hellip;]<\/p>\n","protected":false},"author":6,"featured_media":31654,"comment_status":"open","ping_status":"open","sticky":false,"template":"","format":"standard","meta":{"_monsterinsights_skip_tracking":false,"_monsterinsights_sitenote_active":false,"_monsterinsights_sitenote_note":"","_monsterinsights_sitenote_category":0,"footnotes":""},"categories":[154],"tags":[6428,347],"class_list":["post-31652","post","type-post","status-publish","format-standard","has-post-thumbnail","hentry","category-veracruz","tag-fraccionamiento-reforma","tag-inseguridad","wp-image-borders"],"amp_enabled":true,"_links":{"self":[{"href":"https:\/\/nvnoticias.mx\/index.php\/wp-json\/wp\/v2\/posts\/31652","targetHints":{"allow":["GET"]}}],"collection":[{"href":"https:\/\/nvnoticias.mx\/index.php\/wp-json\/wp\/v2\/posts"}],"about":[{"href":"https:\/\/nvnoticias.mx\/index.php\/wp-json\/wp\/v2\/types\/post"}],"author":[{"embeddable":true,"href":"https:\/\/nvnoticias.mx\/index.php\/wp-json\/wp\/v2\/users\/6"}],"replies":[{"embeddable":true,"href":"https:\/\/nvnoticias.mx\/index.php\/wp-json\/wp\/v2\/comments?post=31652"}],"version-history":[{"count":1,"href":"https:\/\/nvnoticias.mx\/index.php\/wp-json\/wp\/v2\/posts\/31652\/revisions"}],"predecessor-version":[{"id":31653,"href":"https:\/\/nvnoticias.mx\/index.php\/wp-json\/wp\/v2\/posts\/31652\/revisions\/31653"}],"wp:featuredmedia":[{"embeddable":true,"href":"https:\/\/nvnoticias.mx\/index.php\/wp-json\/wp\/v2\/media\/31654"}],"wp:attachment":[{"href":"https:\/\/nvnoticias.mx\/index.php\/wp-json\/wp\/v2\/media?parent=31652"}],"wp:term":[{"taxonomy":"category","embeddable":true,"href":"https:\/\/nvnoticias.mx\/index.php\/wp-json\/wp\/v2\/categories?post=31652"},{"taxonomy":"post_tag","embeddable":true,"href":"https:\/\/nvnoticias.mx\/index.php\/wp-json\/wp\/v2\/tags?post=31652"}],"curies":[{"name":"wp","href":"https:\/\/api.w.org\/{rel}","templated":true}]}}