{"id":31647,"date":"2021-11-22T11:40:20","date_gmt":"2021-11-22T17:40:20","guid":{"rendered":"https:\/\/nvnoticias.mx\/?p=31647"},"modified":"2021-11-22T11:40:22","modified_gmt":"2021-11-22T17:40:22","slug":"gobernador-asegura-que-revisara-delito-de-ultrajes-autoridad","status":"publish","type":"post","link":"https:\/\/nvnoticias.mx\/index.php\/2021\/11\/22\/gobernador-asegura-que-revisara-delito-de-ultrajes-autoridad\/","title":{"rendered":"Gobernador asegura que se revisar\u00e1 delito de ultrajes a la autoridad"},"content":{"rendered":"\n<p><strong>Sam Ojeda&nbsp;| NV Noticias<\/strong>&nbsp;<\/p>\n\n\n\n<p>Xalapa. &#8211;\u00a0\u00a0El gobernador de Veracruz, Cuitl\u00e1huac Garc\u00eda Jim\u00e9nez, asegur\u00f3 que se revisar\u00e1 el delito de ultrajes a la autoridad, <strong>tras la cr\u00edtica del senador Ricardo Monreal \u00c1vila<\/strong>, ya que dijo que a trav\u00e9s de este delito se han abierto carpetas de investigaci\u00f3n contra ciudadanos.\u00a0\u00a0<\/p>\n\n\n\n<p>El mandatario dijo que quienes se sienten agraviados tienen el derecho de presentar pruebas y apelaciones, y que no se permitir\u00e1 que los \u201caut\u00e9nticos delincuentes se salgan con la suya\u201d.&nbsp;<\/p>\n\n\n\n<blockquote class=\"wp-block-quote is-layout-flow wp-block-quote-is-layout-flow\"><p>\u201cSe va a revisar, no hay ning\u00fan problema, por fortuna hay una coordinaci\u00f3n muy buena entre los \u00f3rdenes de gobierno, las instancias judiciales y se garantiza el derecho de los presuntos responsables a presentar sus pruebas, sus apelaciones (\u2026) Tampoco se va a permitir que los que son aut\u00e9nticamente delincuentes se salgan con la suya\u201d.\u00a0<\/p><\/blockquote>\n\n\n\n<p>Esto luego de que el senador morenista dijo que hace tres meses en Veracruz se detuvo a seis j\u00f3venes en una plaza, y&nbsp;que&nbsp;a pesar de no haber opuesto resistencia al arresto, se les se\u00f1ala por el delito de ultrajes a la autoridad.&nbsp;&nbsp;<\/p>\n\n\n\n<p>Sobre ello, el Gobernador dijo que no hay ninguna violaci\u00f3n a sus derechos y que el proceso contin\u00faa.&nbsp;&nbsp;<\/p>\n\n\n\n<blockquote class=\"wp-block-quote is-layout-flow wp-block-quote-is-layout-flow\"><p>\u201cSigue en proceso como es, aqu\u00ed no hay ninguna violaci\u00f3n que nos tenga preocupaci\u00f3n porque estamos pendientes, coordinados y se hace justicia\u201d.\u00a0<\/p><\/blockquote>\n\n\n\n<p>Sobre la caravana migrante, indic\u00f3 que se ha reducido de 500 a 260 personas que siguen avanzando en su sue\u00f1o de llegar a Estados Unidos y que su Gobierno brinda atenci\u00f3n a trav\u00e9s de diversas dependencias como Secretar\u00eda de Salud, Protecci\u00f3n Civil y Secretar\u00eda de Gobierno.&nbsp;&nbsp;<\/p>\n\n\n\n<blockquote class=\"wp-block-quote is-layout-flow wp-block-quote-is-layout-flow\"><p>\u201cEstamos pendientes, se va a presentar la atenci\u00f3n humanitaria, seguiremos haciendo el exhorto de que no se enganchen con los presuntos polleros que los trasladan y luego los abandonan. Lament\u00e1bamos que ven\u00eda, siendo transportados en un tr\u00e1iler cerrado nuevamente, eran cerca de 500 migrantes y se detuvo a quienes los trasladaban porque estaban traficando con ellos, eso es lo que queremos evitar\u201d.\u00a0<\/p><\/blockquote>\n","protected":false},"excerpt":{"rendered":"<p>Sam Ojeda&nbsp;| NV Noticias&nbsp; Xalapa. &#8211;\u00a0\u00a0El gobernador de Veracruz, Cuitl\u00e1huac Garc\u00eda Jim\u00e9nez, asegur\u00f3 que se revisar\u00e1 el delito de ultrajes a la autoridad, tras la cr\u00edtica del senador Ricardo Monreal \u00c1vila, ya que dijo que a trav\u00e9s de este delito se han abierto carpetas de investigaci\u00f3n contra ciudadanos.\u00a0\u00a0 El mandatario dijo que quienes se sienten [&hellip;]<\/p>\n","protected":false},"author":6,"featured_media":20633,"comment_status":"open","ping_status":"open","sticky":false,"template":"","format":"standard","meta":{"_monsterinsights_skip_tracking":false,"_monsterinsights_sitenote_active":false,"_monsterinsights_sitenote_note":"","_monsterinsights_sitenote_category":0,"footnotes":""},"categories":[156],"tags":[965,162,2381],"class_list":["post-31647","post","type-post","status-publish","format-standard","has-post-thumbnail","hentry","category-estado","tag-cuitlahuac-garcia-jimenez","tag-portada","tag-ultrajes-a-la-autoridas","wp-image-borders"],"amp_enabled":true,"_links":{"self":[{"href":"https:\/\/nvnoticias.mx\/index.php\/wp-json\/wp\/v2\/posts\/31647","targetHints":{"allow":["GET"]}}],"collection":[{"href":"https:\/\/nvnoticias.mx\/index.php\/wp-json\/wp\/v2\/posts"}],"about":[{"href":"https:\/\/nvnoticias.mx\/index.php\/wp-json\/wp\/v2\/types\/post"}],"author":[{"embeddable":true,"href":"https:\/\/nvnoticias.mx\/index.php\/wp-json\/wp\/v2\/users\/6"}],"replies":[{"embeddable":true,"href":"https:\/\/nvnoticias.mx\/index.php\/wp-json\/wp\/v2\/comments?post=31647"}],"version-history":[{"count":1,"href":"https:\/\/nvnoticias.mx\/index.php\/wp-json\/wp\/v2\/posts\/31647\/revisions"}],"predecessor-version":[{"id":31648,"href":"https:\/\/nvnoticias.mx\/index.php\/wp-json\/wp\/v2\/posts\/31647\/revisions\/31648"}],"wp:featuredmedia":[{"embeddable":true,"href":"https:\/\/nvnoticias.mx\/index.php\/wp-json\/wp\/v2\/media\/20633"}],"wp:attachment":[{"href":"https:\/\/nvnoticias.mx\/index.php\/wp-json\/wp\/v2\/media?parent=31647"}],"wp:term":[{"taxonomy":"category","embeddable":true,"href":"https:\/\/nvnoticias.mx\/index.php\/wp-json\/wp\/v2\/categories?post=31647"},{"taxonomy":"post_tag","embeddable":true,"href":"https:\/\/nvnoticias.mx\/index.php\/wp-json\/wp\/v2\/tags?post=31647"}],"curies":[{"name":"wp","href":"https:\/\/api.w.org\/{rel}","templated":true}]}}