{"id":31615,"date":"2021-11-22T10:11:13","date_gmt":"2021-11-22T16:11:13","guid":{"rendered":"https:\/\/nvnoticias.mx\/?p=31615"},"modified":"2021-11-22T12:34:59","modified_gmt":"2021-11-22T18:34:59","slug":"se-registra-arturo-reyes-candidato-seccion-9-sindicato-petrolero","status":"publish","type":"post","link":"https:\/\/nvnoticias.mx\/index.php\/2021\/11\/22\/se-registra-arturo-reyes-candidato-seccion-9-sindicato-petrolero\/","title":{"rendered":"Se registra Arturo Reyes Jim\u00e9nez como candidato a dirigir la Secci\u00f3n 9 del Sindicato Petrolero"},"content":{"rendered":"\n<p><strong>Jes\u00fas Utrilla&nbsp;| NV Noticias<\/strong>&nbsp;<\/p>\n\n\n\n<p>Veracruz. \u2013\u00a0Arturo Reyes Jim\u00e9nez present\u00f3 su solicitud de registro como aspirante a dirigir la Secretar\u00eda General de la Secci\u00f3n 9 del Sindicato Petrolero de la Rep\u00fablica Mexicana.\u00a0<\/p>\n\n\n\n<p>Dijo que buscar\u00e1 dignificar y democratizar a ese organismo obrero,\u00a0pero\u00a0sobre\u00a0todo, consolidar\u00a0la unidad interna con la inclusi\u00f3n de mujeres y hombres valiosos de las diversas ramas como parte de la planilla dorada.\u00a0<\/p>\n\n\n\n<p>Lleg\u00f3 acompa\u00f1ado de familiares e integrantes de la Planilla Dorada, a solicitar ante la comisi\u00f3n del proceso interno, su inscripci\u00f3n como candidato.&nbsp;<\/p>\n\n\n\n<p>Explic\u00f3 que la intenci\u00f3n de participar en el proceso obedece a la necesidad de democratizar, pero sobre todo de impulsar cambios estructurales y sustanciales en beneficio de todos los trabajadores petroleros de la Secci\u00f3n 9.&nbsp;<\/p>\n\n\n\n<blockquote class=\"wp-block-quote is-layout-flow wp-block-quote-is-layout-flow\"><p>\u201cEs tiempo de un cambio real y profundo en el Sindicato, quienes hoy est\u00e1n al frente tienen ya m\u00e1s de 25 a\u00f1os enquistados en el poder y m\u00e1s all\u00e1 de convertir a nuestro organismo en una agencia de colocaciones para quienes usaron la dirigencia con fines pol\u00edticos, no ha habido un avance real para las bases trabajadoras\u201d.&nbsp;<\/p><\/blockquote>\n\n\n\n<p>Llam\u00f3 a la unidad al interior del sindicato, ya que es una planilla de unidad que busca fortalecernos como organismo obrero, como representaci\u00f3n y como defensores de los derechos laborales, representa la unidad laboral, la inclusi\u00f3n y la equidad de g\u00e9nero.&nbsp;<\/p>\n\n\n\n<blockquote class=\"wp-block-quote is-layout-flow wp-block-quote-is-layout-flow\"><p>\u201cPor eso van los mejores hombres y las mejores mujeres, de todas las ramas, por eso escuchamos todas las voces y todas las opiniones al integrar nuestra planilla y nuestro plan de trabajo, porque solo en unidad podremos salir adelante &#8220;.&nbsp;<\/p><\/blockquote>\n\n\n\n<p><\/p>\n","protected":false},"excerpt":{"rendered":"<p>Jes\u00fas Utrilla&nbsp;| NV Noticias&nbsp; Veracruz. \u2013\u00a0Arturo Reyes Jim\u00e9nez present\u00f3 su solicitud de registro como aspirante a dirigir la Secretar\u00eda General de la Secci\u00f3n 9 del Sindicato Petrolero de la Rep\u00fablica Mexicana.\u00a0 Dijo que buscar\u00e1 dignificar y democratizar a ese organismo obrero,\u00a0pero\u00a0sobre\u00a0todo, consolidar\u00a0la unidad interna con la inclusi\u00f3n de mujeres y hombres valiosos de las diversas [&hellip;]<\/p>\n","protected":false},"author":6,"featured_media":31616,"comment_status":"open","ping_status":"open","sticky":false,"template":"","format":"standard","meta":{"_monsterinsights_skip_tracking":false,"_monsterinsights_sitenote_active":false,"_monsterinsights_sitenote_note":"","_monsterinsights_sitenote_category":0,"footnotes":""},"categories":[154],"tags":[7315,7316,7317],"class_list":["post-31615","post","type-post","status-publish","format-standard","has-post-thumbnail","hentry","category-veracruz","tag-arturo-reyes-jimenez","tag-seccion-9","tag-sindicato-petrolero","wp-image-borders"],"amp_enabled":true,"_links":{"self":[{"href":"https:\/\/nvnoticias.mx\/index.php\/wp-json\/wp\/v2\/posts\/31615","targetHints":{"allow":["GET"]}}],"collection":[{"href":"https:\/\/nvnoticias.mx\/index.php\/wp-json\/wp\/v2\/posts"}],"about":[{"href":"https:\/\/nvnoticias.mx\/index.php\/wp-json\/wp\/v2\/types\/post"}],"author":[{"embeddable":true,"href":"https:\/\/nvnoticias.mx\/index.php\/wp-json\/wp\/v2\/users\/6"}],"replies":[{"embeddable":true,"href":"https:\/\/nvnoticias.mx\/index.php\/wp-json\/wp\/v2\/comments?post=31615"}],"version-history":[{"count":3,"href":"https:\/\/nvnoticias.mx\/index.php\/wp-json\/wp\/v2\/posts\/31615\/revisions"}],"predecessor-version":[{"id":31662,"href":"https:\/\/nvnoticias.mx\/index.php\/wp-json\/wp\/v2\/posts\/31615\/revisions\/31662"}],"wp:featuredmedia":[{"embeddable":true,"href":"https:\/\/nvnoticias.mx\/index.php\/wp-json\/wp\/v2\/media\/31616"}],"wp:attachment":[{"href":"https:\/\/nvnoticias.mx\/index.php\/wp-json\/wp\/v2\/media?parent=31615"}],"wp:term":[{"taxonomy":"category","embeddable":true,"href":"https:\/\/nvnoticias.mx\/index.php\/wp-json\/wp\/v2\/categories?post=31615"},{"taxonomy":"post_tag","embeddable":true,"href":"https:\/\/nvnoticias.mx\/index.php\/wp-json\/wp\/v2\/tags?post=31615"}],"curies":[{"name":"wp","href":"https:\/\/api.w.org\/{rel}","templated":true}]}}