{"id":31563,"date":"2021-11-21T14:37:39","date_gmt":"2021-11-21T20:37:39","guid":{"rendered":"https:\/\/nvnoticias.mx\/?p=31563"},"modified":"2021-11-21T14:37:40","modified_gmt":"2021-11-21T20:37:40","slug":"programan-nodal-y-belinda-fecha-para-la-boda","status":"publish","type":"post","link":"https:\/\/nvnoticias.mx\/index.php\/2021\/11\/21\/programan-nodal-y-belinda-fecha-para-la-boda\/","title":{"rendered":"Programan Nodal y Belinda fecha para la boda"},"content":{"rendered":"\n<p>El cantante de regional mexicano, Christian Nodal, y la cantante pop, Belinda, estan pr\u00f3ximos a llegar al altar:<strong>&nbsp;la pareja tiene programado contaer matrimonio por la v\u00eda civil antes de que se termine este a\u00f1o.<\/strong>&nbsp;Por su parte, la ceremonia religiosa se realizar\u00e1 en el 2022.<\/p>\n\n\n\n<p>Durante una entrevista con<em>\u00a0Despierta Am\u00e9rica<\/em>, Nodal habl\u00f3 sobre sus planes a futuro y revel\u00f3 cu\u00e1ndo planean casarse. Adem\u00e1s<strong>, destap\u00f3 algunos detalles sobre la relaci\u00f3n que lleva con la cantante de\u00a0<\/strong><em><strong>Luz sin gravedad<\/strong><\/em><strong>\u00a0y confes\u00f3 que existen los celos entre ellos.<\/strong><\/p>\n\n\n\n<p>\u201cQueremos una boda, la religiosa, la queremos para el a\u00f1o que viene.&nbsp;<strong>Pero la que se viene y ser\u00e1 muy pronto, es por lo civil\u201d<\/strong>, contest\u00f3 a uno de los conductores del matutino estadounidense cuando fue cuestionado sobre su compromiso.<\/p>\n\n\n\n<p>Respecto a si es celoso con Belinda y ella celosa con \u00e9l, el cantante confes\u00f3 que es celoso \u201ccuando hay que serlo\u201d, en cambio<strong>, la cantante es celosa \u201chasta cuando no hay que serlo\u201d, coment\u00f3 entre risas.<\/strong><\/p>\n\n\n\n<p>Adem\u00e1s, agreg\u00f3 que aprecia cuando la cantante lo acompa\u00f1a a sus conciertos, cosa que ha sucedido de manera constante, a pesar de que Belinda estuvo ausente durante la \u00faltima gira del int\u00e9rprete por los Estados Unidos. Esto porque considera que tiene que esforzarse por dejarle una buena impresi\u00f3n.<\/p>\n\n\n\n<p>\u201cLa verdad s\u00ed (canto mejor cuando est\u00e1 Belinda).<strong>&nbsp;S\u00ed le echo muchas ganas, porque hay artistas que dices: \u2018bah, qu\u00e9 me va a criticar ese\u2019, pero hay artistas que dices \u2018uy, no\u2019, hay un monstruo que canta\u201d<\/strong>, cont\u00f3.<\/p>\n\n\n\n<p>Por otra parte, la relaci\u00f3n de ambos artistas parece ir viento en popa. Tan s\u00f3lo hace unos d\u00edas la cantante presumi\u00f3\u00a0el tatuaje que se hizo su prometido en el rostro y que estuvo inspirado en su material discogr\u00e1fico.<\/p>\n\n\n\n<p>Fuente: Infobae<\/p>\n","protected":false},"excerpt":{"rendered":"<p>El cantante de regional mexicano, Christian Nodal, y la cantante pop, Belinda, estan pr\u00f3ximos a llegar al altar:&nbsp;la pareja tiene programado contaer matrimonio por la v\u00eda civil antes de que se termine este a\u00f1o.&nbsp;Por su parte, la ceremonia religiosa se realizar\u00e1 en el 2022. Durante una entrevista con\u00a0Despierta Am\u00e9rica, Nodal habl\u00f3 sobre sus planes a [&hellip;]<\/p>\n","protected":false},"author":35,"featured_media":22643,"comment_status":"open","ping_status":"open","sticky":false,"template":"","format":"standard","meta":{"_monsterinsights_skip_tracking":false,"_monsterinsights_sitenote_active":false,"_monsterinsights_sitenote_note":"","_monsterinsights_sitenote_category":0,"footnotes":""},"categories":[576],"tags":[1705,2798,3953,7304],"class_list":["post-31563","post","type-post","status-publish","format-standard","has-post-thumbnail","hentry","category-ocio","tag-belinda","tag-boda","tag-christian-nodal","tag-programan","wp-image-borders"],"amp_enabled":true,"_links":{"self":[{"href":"https:\/\/nvnoticias.mx\/index.php\/wp-json\/wp\/v2\/posts\/31563","targetHints":{"allow":["GET"]}}],"collection":[{"href":"https:\/\/nvnoticias.mx\/index.php\/wp-json\/wp\/v2\/posts"}],"about":[{"href":"https:\/\/nvnoticias.mx\/index.php\/wp-json\/wp\/v2\/types\/post"}],"author":[{"embeddable":true,"href":"https:\/\/nvnoticias.mx\/index.php\/wp-json\/wp\/v2\/users\/35"}],"replies":[{"embeddable":true,"href":"https:\/\/nvnoticias.mx\/index.php\/wp-json\/wp\/v2\/comments?post=31563"}],"version-history":[{"count":1,"href":"https:\/\/nvnoticias.mx\/index.php\/wp-json\/wp\/v2\/posts\/31563\/revisions"}],"predecessor-version":[{"id":31564,"href":"https:\/\/nvnoticias.mx\/index.php\/wp-json\/wp\/v2\/posts\/31563\/revisions\/31564"}],"wp:featuredmedia":[{"embeddable":true,"href":"https:\/\/nvnoticias.mx\/index.php\/wp-json\/wp\/v2\/media\/22643"}],"wp:attachment":[{"href":"https:\/\/nvnoticias.mx\/index.php\/wp-json\/wp\/v2\/media?parent=31563"}],"wp:term":[{"taxonomy":"category","embeddable":true,"href":"https:\/\/nvnoticias.mx\/index.php\/wp-json\/wp\/v2\/categories?post=31563"},{"taxonomy":"post_tag","embeddable":true,"href":"https:\/\/nvnoticias.mx\/index.php\/wp-json\/wp\/v2\/tags?post=31563"}],"curies":[{"name":"wp","href":"https:\/\/api.w.org\/{rel}","templated":true}]}}