{"id":31500,"date":"2021-11-21T10:42:45","date_gmt":"2021-11-21T16:42:45","guid":{"rendered":"https:\/\/nvnoticias.mx\/?p=31500"},"modified":"2021-11-21T11:04:15","modified_gmt":"2021-11-21T17:04:15","slug":"llama-rosario-robles-a-la-sociedad-a-que-participe-en-resistencia-civil-por-su-libertad","status":"publish","type":"post","link":"https:\/\/nvnoticias.mx\/index.php\/2021\/11\/21\/llama-rosario-robles-a-la-sociedad-a-que-participe-en-resistencia-civil-por-su-libertad\/","title":{"rendered":"Llama Rosario Robles a la sociedad a que participe en resistencia civil por su libertad"},"content":{"rendered":"\n<p>La ex titular de la entonces Secretar\u00eda de Desarrollo Social (Sedesol), Rosario Robles Berlanga, invit\u00f3 a la sociedad a sumarse a las acciones de la resistencia civil pac\u00edfica que inician hoy con una jornada de oraci\u00f3n para exigir su libertad y la de muchas otras personas que est\u00e1n recluidas en prisiones de manera injusta. <\/p>\n\n\n\n<p>A trav\u00e9s de un video que muestra im\u00e1genes de acciones que realiz\u00f3 en su momento como funcionaria, reiter\u00f3 desde el penal de Santa Martha Acatitla que se encuentra privada de su libertad injustamente, as\u00ed como, dijo, est\u00e1n muchas otras mujeres \u201ccondenadas a morir lentamente a perderse y sin oportunidad de salir adelante\u201d. <\/p>\n\n\n\n<p>La convocatoria, mencion\u00f3, es para alzar la voz y fortalecer la postura que ha expresado el presidente de la Suprema Corte de Justicia de la Naci\u00f3n (SCJN) Arturo Zald\u00edvar Lelo de Larrea, quien se\u00f1al\u00f3 que en M\u00e9xico se abusa de la prisi\u00f3n preventiva, que las c\u00e1rceles est\u00e1n llenas de gente que no tiene recursos ni tiene posibilidades de defenderse. <\/p>\n\n\n\n<blockquote class=\"wp-block-quote is-layout-flow wp-block-quote-is-layout-flow\"><p>\u201c\u2026y hoy desde esta trinchera tambi\u00e9n hablo por todas ellas muchas de ellas madres que no pueden estar al cuidado de sus hijos\u201d, coment\u00f3 Rosario Robles.<\/p><\/blockquote>\n\n\n\n<p> La ex servidora p\u00fablica, que\u00a0lleva dos a\u00f1os tres meses en prisi\u00f3n, indic\u00f3 que es muy importante que la sociedad se sume a estas actividades que inician con una jornada de oraci\u00f3n de reconciliaci\u00f3n de paz, porque eso es lo que hoy necesita M\u00e9xico. <\/p>\n\n\n\n<p>\u201cM\u00e9xico no necesita polarizaci\u00f3n M\u00e9xico no necesita odio, M\u00e9xico necesita reconciliaci\u00f3n, M\u00e9xico necesita paz, nuestro pa\u00eds est\u00e1 ensangrentado, nuestro pa\u00eds est\u00e1 de luto y somos las mujeres las que lo podemos cuidar las que lo podemos levantar. &#8220;<\/p>\n\n\n\n<iframe loading=\"lazy\" src=\"https:\/\/www.facebook.com\/plugins\/video.php?height=314&#038;href=https%3A%2F%2Fwww.facebook.com%2Frosarioroblesberlanga%2Fvideos%2F4906492412695654%2F&#038;show_text=false&#038;width=560&#038;t=0\" width=\"560\" height=\"314\" style=\"border:none;overflow:hidden\" scrolling=\"no\" frameborder=\"0\" allowfullscreen=\"true\" allow=\"autoplay; clipboard-write; encrypted-media; picture-in-picture; web-share\" allowFullScreen=\"true\"><\/iframe>\n\n\n\n<blockquote class=\"wp-block-quote is-layout-flow wp-block-quote-is-layout-flow\"><p>\u201cAs\u00ed es que les llamo de manera particular para que exijamos que se haga justicia porque si es venganza no es justicia, porque si se utilizan las instituciones de la Rep\u00fablica para venganzas personales, para venganzas pol\u00edticas estamos generando un retroceso muy grave en nuestro pa\u00eds, M\u00e9xico tiene una deuda con la justicia, M\u00e9xico tiene una deuda con sus mujeres vayamos todos juntos unidos de la mano a la jornada por la reconciliaci\u00f3n la paz a la jornada por la resistencia civil pac\u00edfica a favor de la justicia\u201d, expres\u00f3. <\/p><\/blockquote>\n\n\n\n<p>En el video tambi\u00e9n se muestra un calendario de las acciones que se emprender\u00e1n en los siguientes d\u00edas para demandar su libertad. Ma\u00f1ana su familia y amigos acudir\u00e1n a la Oficina de Derechos Humanos de la ONU para presentar una denuncia. <\/p>\n\n\n\n<p>Fuente: Milenio<\/p>\n","protected":false},"excerpt":{"rendered":"<p>La ex titular de la entonces Secretar\u00eda de Desarrollo Social (Sedesol), Rosario Robles Berlanga, invit\u00f3 a la sociedad a sumarse a las acciones de la resistencia civil pac\u00edfica que inician hoy con una jornada de oraci\u00f3n para exigir su libertad y la de muchas otras personas que est\u00e1n recluidas en prisiones de manera injusta. A [&hellip;]<\/p>\n","protected":false},"author":35,"featured_media":21041,"comment_status":"open","ping_status":"open","sticky":false,"template":"","format":"standard","meta":{"_monsterinsights_skip_tracking":false,"_monsterinsights_sitenote_active":false,"_monsterinsights_sitenote_note":"","_monsterinsights_sitenote_category":0,"footnotes":""},"categories":[157],"tags":[2519,7173,1981],"class_list":["post-31500","post","type-post","status-publish","format-standard","has-post-thumbnail","hentry","category-nacional","tag-libertad","tag-resistencia-civil","tag-rosario-robles","wp-image-borders"],"amp_enabled":true,"_links":{"self":[{"href":"https:\/\/nvnoticias.mx\/index.php\/wp-json\/wp\/v2\/posts\/31500","targetHints":{"allow":["GET"]}}],"collection":[{"href":"https:\/\/nvnoticias.mx\/index.php\/wp-json\/wp\/v2\/posts"}],"about":[{"href":"https:\/\/nvnoticias.mx\/index.php\/wp-json\/wp\/v2\/types\/post"}],"author":[{"embeddable":true,"href":"https:\/\/nvnoticias.mx\/index.php\/wp-json\/wp\/v2\/users\/35"}],"replies":[{"embeddable":true,"href":"https:\/\/nvnoticias.mx\/index.php\/wp-json\/wp\/v2\/comments?post=31500"}],"version-history":[{"count":2,"href":"https:\/\/nvnoticias.mx\/index.php\/wp-json\/wp\/v2\/posts\/31500\/revisions"}],"predecessor-version":[{"id":31502,"href":"https:\/\/nvnoticias.mx\/index.php\/wp-json\/wp\/v2\/posts\/31500\/revisions\/31502"}],"wp:featuredmedia":[{"embeddable":true,"href":"https:\/\/nvnoticias.mx\/index.php\/wp-json\/wp\/v2\/media\/21041"}],"wp:attachment":[{"href":"https:\/\/nvnoticias.mx\/index.php\/wp-json\/wp\/v2\/media?parent=31500"}],"wp:term":[{"taxonomy":"category","embeddable":true,"href":"https:\/\/nvnoticias.mx\/index.php\/wp-json\/wp\/v2\/categories?post=31500"},{"taxonomy":"post_tag","embeddable":true,"href":"https:\/\/nvnoticias.mx\/index.php\/wp-json\/wp\/v2\/tags?post=31500"}],"curies":[{"name":"wp","href":"https:\/\/api.w.org\/{rel}","templated":true}]}}