{"id":31365,"date":"2021-11-19T16:20:15","date_gmt":"2021-11-19T22:20:15","guid":{"rendered":"https:\/\/nvnoticias.mx\/?p=31365"},"modified":"2021-11-19T16:20:17","modified_gmt":"2021-11-19T22:20:17","slug":"realizaran-gala-con-causa-a-favor-de-ninos-sordos","status":"publish","type":"post","link":"https:\/\/nvnoticias.mx\/index.php\/2021\/11\/19\/realizaran-gala-con-causa-a-favor-de-ninos-sordos\/","title":{"rendered":"Realizar\u00e1n Gala con Causa a favor de ni\u00f1os sordos"},"content":{"rendered":"\n<p>Jes\u00fas Utrilla | NV Noticias<\/p>\n\n\n\n<p>La Fundaci\u00f3n ADEMM realizar\u00e1 la \u201cGala con Causa\u201d, que tiene como objetivo concluir un aula para beneficio de la comunidad sorda.<br>Belem Paredes, directora de la fundaci\u00f3n, dijo que atienden a 20 ni\u00f1os que asisten a clases de lengua de se\u00f1as, oralizaci\u00f3n, lectoescritura y artes pl\u00e1sticas.<\/p>\n\n\n\n<p>Este a\u00f1o lograron terminar de construir el sal\u00f3n pero falta mobiliario como escritorios, sillas, equipo de c\u00f3mputo, pantallas, entre otros.<\/p>\n\n\n\n<p>\u201cTambi\u00e9n hay muchas actividades que son digitales, muchas aplicaciones que necesitan, ellos necesitan para su aprendizaje. Vamos a tener n\u00famero muy padres que van a estar empoderando a la mujer sorda en Veracruz, tambi\u00e9n vamos a tener n\u00fameros art\u00edsticos donde los ni\u00f1os con discapacidad auditiva van a demostrar sus talentos de baile, ballet, jazz y con este evento demostrar todas las capacidades que ellos pueden desarrollar y, al mismo tiempo, visibilizar la falta de empat\u00eda que hay en la sociedad&#8221;.<\/p>\n\n\n\n<p>El evento se realizar\u00e1 el d\u00eda viernes 26 de noviembre, a las 7:30 de la noche, en el sal\u00f3n Mantra, ubicado en la calzada Costa Verde, del municipio de Boca del R\u00edo.<\/p>\n\n\n\n<p>Iliana Le\u00f3n, s\u00edndica \u00fanica de Boca del R\u00edo, destac\u00f3 la importancia del evento e invit\u00f3 a la sociedad a sumarse a las causas.<\/p>\n\n\n\n<p>Los interesados en asistir y apoyar a la fundaci\u00f3n\u00a0 pueden adquirir los\u00a0 boletos a trav\u00e9s del sitio:\u00a0<a href=\"https:\/\/www.facebook.com\/FUNDACIONADEMM\">https:\/\/www.facebook.com\/FUNDACIONADEMM<\/a><br>Tambi\u00e9n se pueden comunicar al n\u00famero 2294 119189.<\/p>\n","protected":false},"excerpt":{"rendered":"<p>Jes\u00fas Utrilla | NV Noticias La Fundaci\u00f3n ADEMM realizar\u00e1 la \u201cGala con Causa\u201d, que tiene como objetivo concluir un aula para beneficio de la comunidad sorda.Belem Paredes, directora de la fundaci\u00f3n, dijo que atienden a 20 ni\u00f1os que asisten a clases de lengua de se\u00f1as, oralizaci\u00f3n, lectoescritura y artes pl\u00e1sticas. Este a\u00f1o lograron terminar de [&hellip;]<\/p>\n","protected":false},"author":6,"featured_media":31366,"comment_status":"open","ping_status":"open","sticky":false,"template":"","format":"standard","meta":{"_monsterinsights_skip_tracking":false,"_monsterinsights_sitenote_active":false,"_monsterinsights_sitenote_note":"","_monsterinsights_sitenote_category":0,"footnotes":""},"categories":[154],"tags":[7265,7264],"class_list":["post-31365","post","type-post","status-publish","format-standard","has-post-thumbnail","hentry","category-veracruz","tag-gala","tag-sordos","wp-image-borders"],"amp_enabled":true,"_links":{"self":[{"href":"https:\/\/nvnoticias.mx\/index.php\/wp-json\/wp\/v2\/posts\/31365","targetHints":{"allow":["GET"]}}],"collection":[{"href":"https:\/\/nvnoticias.mx\/index.php\/wp-json\/wp\/v2\/posts"}],"about":[{"href":"https:\/\/nvnoticias.mx\/index.php\/wp-json\/wp\/v2\/types\/post"}],"author":[{"embeddable":true,"href":"https:\/\/nvnoticias.mx\/index.php\/wp-json\/wp\/v2\/users\/6"}],"replies":[{"embeddable":true,"href":"https:\/\/nvnoticias.mx\/index.php\/wp-json\/wp\/v2\/comments?post=31365"}],"version-history":[{"count":1,"href":"https:\/\/nvnoticias.mx\/index.php\/wp-json\/wp\/v2\/posts\/31365\/revisions"}],"predecessor-version":[{"id":31367,"href":"https:\/\/nvnoticias.mx\/index.php\/wp-json\/wp\/v2\/posts\/31365\/revisions\/31367"}],"wp:featuredmedia":[{"embeddable":true,"href":"https:\/\/nvnoticias.mx\/index.php\/wp-json\/wp\/v2\/media\/31366"}],"wp:attachment":[{"href":"https:\/\/nvnoticias.mx\/index.php\/wp-json\/wp\/v2\/media?parent=31365"}],"wp:term":[{"taxonomy":"category","embeddable":true,"href":"https:\/\/nvnoticias.mx\/index.php\/wp-json\/wp\/v2\/categories?post=31365"},{"taxonomy":"post_tag","embeddable":true,"href":"https:\/\/nvnoticias.mx\/index.php\/wp-json\/wp\/v2\/tags?post=31365"}],"curies":[{"name":"wp","href":"https:\/\/api.w.org\/{rel}","templated":true}]}}