{"id":31352,"date":"2021-11-19T12:37:28","date_gmt":"2021-11-19T18:37:28","guid":{"rendered":"https:\/\/nvnoticias.mx\/?p=31352"},"modified":"2021-11-19T12:37:29","modified_gmt":"2021-11-19T18:37:29","slug":"veracruz-es-tercer-lugar-nacional-en-muerte-materna","status":"publish","type":"post","link":"https:\/\/nvnoticias.mx\/index.php\/2021\/11\/19\/veracruz-es-tercer-lugar-nacional-en-muerte-materna\/","title":{"rendered":"Veracruz es tercer lugar nacional en muerte materna"},"content":{"rendered":"\n<p><strong>Sam Ojeda&nbsp;| NV Noticias<\/strong>&nbsp;<\/p>\n\n\n\n<p>Xalapa. &#8211;&nbsp;&nbsp;En lo que va del a\u00f1o en el estado de Veracruz se han registrado 62 casos de muertes maternas, inform\u00f3 el Observatorio de Mortalidad Materna (OMM).&nbsp;<\/p>\n\n\n\n<p>La cifra significa que la entidad duplic\u00f3 los casos con respecto al mismo&nbsp;periodo,&nbsp;pero de 2020, y ubica a la entidad entre los tres estados con m\u00e1s casos de decesos de mujeres embarazadas o en puerperio.&nbsp;<\/p>\n\n\n\n<p><strong>Cabe destacar que el corte al 8 de noviembre advierte que el primer lugar es Estado de M\u00e9xico con 120 muertes; le sigue Puebla con 70 y en tercer lugar Veracruz que reporta 62 decesos.\u00a0<\/strong><\/p>\n\n\n\n<p>El Observatorio se\u00f1ala que en 2020 el estado report\u00f3 33 decesos para este periodo, por lo cual observa un incremento pr\u00e1cticamente del 100 por ciento en apenas un a\u00f1o.&nbsp;&nbsp;<\/p>\n\n\n\n<p>Hay que se\u00f1alar que a nivel nacional se han registrado 938 muertes de mujeres embarazadas o en puerperio, mientras que en 2020 la cifra fue de 763, lo cual muestra un incremento con respecto al a\u00f1o anterior.&nbsp;<\/p>\n","protected":false},"excerpt":{"rendered":"<p>Sam Ojeda&nbsp;| NV Noticias&nbsp; Xalapa. &#8211;&nbsp;&nbsp;En lo que va del a\u00f1o en el estado de Veracruz se han registrado 62 casos de muertes maternas, inform\u00f3 el Observatorio de Mortalidad Materna (OMM).&nbsp; La cifra significa que la entidad duplic\u00f3 los casos con respecto al mismo&nbsp;periodo,&nbsp;pero de 2020, y ubica a la entidad entre los tres estados [&hellip;]<\/p>\n","protected":false},"author":6,"featured_media":31354,"comment_status":"open","ping_status":"open","sticky":false,"template":"","format":"standard","meta":{"_monsterinsights_skip_tracking":false,"_monsterinsights_sitenote_active":false,"_monsterinsights_sitenote_note":"","_monsterinsights_sitenote_category":0,"footnotes":""},"categories":[156],"tags":[5969,311,180],"class_list":["post-31352","post","type-post","status-publish","format-standard","has-post-thumbnail","hentry","category-estado","tag-materna","tag-muerte","tag-veracruz","wp-image-borders"],"amp_enabled":true,"_links":{"self":[{"href":"https:\/\/nvnoticias.mx\/index.php\/wp-json\/wp\/v2\/posts\/31352","targetHints":{"allow":["GET"]}}],"collection":[{"href":"https:\/\/nvnoticias.mx\/index.php\/wp-json\/wp\/v2\/posts"}],"about":[{"href":"https:\/\/nvnoticias.mx\/index.php\/wp-json\/wp\/v2\/types\/post"}],"author":[{"embeddable":true,"href":"https:\/\/nvnoticias.mx\/index.php\/wp-json\/wp\/v2\/users\/6"}],"replies":[{"embeddable":true,"href":"https:\/\/nvnoticias.mx\/index.php\/wp-json\/wp\/v2\/comments?post=31352"}],"version-history":[{"count":1,"href":"https:\/\/nvnoticias.mx\/index.php\/wp-json\/wp\/v2\/posts\/31352\/revisions"}],"predecessor-version":[{"id":31355,"href":"https:\/\/nvnoticias.mx\/index.php\/wp-json\/wp\/v2\/posts\/31352\/revisions\/31355"}],"wp:featuredmedia":[{"embeddable":true,"href":"https:\/\/nvnoticias.mx\/index.php\/wp-json\/wp\/v2\/media\/31354"}],"wp:attachment":[{"href":"https:\/\/nvnoticias.mx\/index.php\/wp-json\/wp\/v2\/media?parent=31352"}],"wp:term":[{"taxonomy":"category","embeddable":true,"href":"https:\/\/nvnoticias.mx\/index.php\/wp-json\/wp\/v2\/categories?post=31352"},{"taxonomy":"post_tag","embeddable":true,"href":"https:\/\/nvnoticias.mx\/index.php\/wp-json\/wp\/v2\/tags?post=31352"}],"curies":[{"name":"wp","href":"https:\/\/api.w.org\/{rel}","templated":true}]}}