{"id":31350,"date":"2021-11-19T12:33:10","date_gmt":"2021-11-19T18:33:10","guid":{"rendered":"https:\/\/nvnoticias.mx\/?p=31350"},"modified":"2021-11-19T12:33:12","modified_gmt":"2021-11-19T18:33:12","slug":"comite-desapariciones-onu-podria-emitir-recomendaciones-mexico","status":"publish","type":"post","link":"https:\/\/nvnoticias.mx\/index.php\/2021\/11\/19\/comite-desapariciones-onu-podria-emitir-recomendaciones-mexico\/","title":{"rendered":"Comit\u00e9 de Desapariciones de la ONU podr\u00eda emitir recomendaciones al Estado Mexicano"},"content":{"rendered":"\n<p><strong>Jes\u00fas Utrilla&nbsp;| NV Noticias<\/strong>&nbsp;<\/p>\n\n\n\n<p>Veracruz. \u2013&nbsp;&nbsp;Podr\u00eda llevarse al pleno de la ONU el caso de las desapariciones forzadas en M\u00e9xico, se\u00f1al\u00f3 Luc\u00eda D\u00edaz&nbsp;Genao, presidenta del Colectivo Solecito.&nbsp;<\/p>\n\n\n\n<p>Sin embargo, ser\u00e1 un proceso largo pues el Comit\u00e9 de Desapariciones de la ONU primero deber\u00e1 analizar las evidencias que aportaron los colectivos en la reuni\u00f3n que sostuvieron en Veracruz.&nbsp;<\/p>\n\n\n\n<blockquote class=\"wp-block-quote is-layout-flow wp-block-quote-is-layout-flow\"><p>\u201cEsta recomendaci\u00f3n va a ser un primer paso. Si ellos acumulan una buena cantidad de evidencia de que son desapariciones generalizadas y que el estado no tiene capacidad de respuesta, se puede presentar ante el pleno de las Naciones\u00a0Unidas,\u00a0pero va a tardar porque deben analizar el material que se llevaron y decir que conclusiones toman ellos\u201d.\u00a0<\/p><\/blockquote>\n\n\n\n<p>Aportaron informaci\u00f3n relativa a los casos, evidencia de falta de investigaci\u00f3n en las desapariciones forzadas, sobre la saturaci\u00f3n que existe en materia forense, falta de identificaci\u00f3n de cuerpos, impunidad, entre otros.&nbsp;<\/p>\n\n\n\n<p>El Comit\u00e9 de Desapariciones de la ONU seguir\u00e1 reuni\u00e9ndose con colectivos de b\u00fasqueda en diferentes puntos del pa\u00eds para recabar evidencia de lo que sucede en M\u00e9xico en temas de desaparici\u00f3n forzada.&nbsp;<\/p>\n\n\n\n<p>Cabe recordar que colectivos de b\u00fasqueda se reunieron con el Comit\u00e9 de Desapariciones de la ONU, en un conocido hotel de la ciudad de Veracruz.&nbsp;<\/p>\n","protected":false},"excerpt":{"rendered":"<p>Jes\u00fas Utrilla&nbsp;| NV Noticias&nbsp; Veracruz. \u2013&nbsp;&nbsp;Podr\u00eda llevarse al pleno de la ONU el caso de las desapariciones forzadas en M\u00e9xico, se\u00f1al\u00f3 Luc\u00eda D\u00edaz&nbsp;Genao, presidenta del Colectivo Solecito.&nbsp; Sin embargo, ser\u00e1 un proceso largo pues el Comit\u00e9 de Desapariciones de la ONU primero deber\u00e1 analizar las evidencias que aportaron los colectivos en la reuni\u00f3n que sostuvieron [&hellip;]<\/p>\n","protected":false},"author":6,"featured_media":754,"comment_status":"open","ping_status":"open","sticky":false,"template":"","format":"standard","meta":{"_monsterinsights_skip_tracking":false,"_monsterinsights_sitenote_active":false,"_monsterinsights_sitenote_note":"","_monsterinsights_sitenote_category":0,"footnotes":""},"categories":[154],"tags":[7246,513,162],"class_list":["post-31350","post","type-post","status-publish","format-standard","has-post-thumbnail","hentry","category-veracruz","tag-comite-de-desapariciones","tag-onu","tag-portada","wp-image-borders"],"amp_enabled":true,"_links":{"self":[{"href":"https:\/\/nvnoticias.mx\/index.php\/wp-json\/wp\/v2\/posts\/31350","targetHints":{"allow":["GET"]}}],"collection":[{"href":"https:\/\/nvnoticias.mx\/index.php\/wp-json\/wp\/v2\/posts"}],"about":[{"href":"https:\/\/nvnoticias.mx\/index.php\/wp-json\/wp\/v2\/types\/post"}],"author":[{"embeddable":true,"href":"https:\/\/nvnoticias.mx\/index.php\/wp-json\/wp\/v2\/users\/6"}],"replies":[{"embeddable":true,"href":"https:\/\/nvnoticias.mx\/index.php\/wp-json\/wp\/v2\/comments?post=31350"}],"version-history":[{"count":1,"href":"https:\/\/nvnoticias.mx\/index.php\/wp-json\/wp\/v2\/posts\/31350\/revisions"}],"predecessor-version":[{"id":31351,"href":"https:\/\/nvnoticias.mx\/index.php\/wp-json\/wp\/v2\/posts\/31350\/revisions\/31351"}],"wp:featuredmedia":[{"embeddable":true,"href":"https:\/\/nvnoticias.mx\/index.php\/wp-json\/wp\/v2\/media\/754"}],"wp:attachment":[{"href":"https:\/\/nvnoticias.mx\/index.php\/wp-json\/wp\/v2\/media?parent=31350"}],"wp:term":[{"taxonomy":"category","embeddable":true,"href":"https:\/\/nvnoticias.mx\/index.php\/wp-json\/wp\/v2\/categories?post=31350"},{"taxonomy":"post_tag","embeddable":true,"href":"https:\/\/nvnoticias.mx\/index.php\/wp-json\/wp\/v2\/tags?post=31350"}],"curies":[{"name":"wp","href":"https:\/\/api.w.org\/{rel}","templated":true}]}}