{"id":31264,"date":"2021-11-18T20:31:01","date_gmt":"2021-11-19T02:31:01","guid":{"rendered":"https:\/\/nvnoticias.mx\/?p=31264"},"modified":"2021-11-18T20:31:03","modified_gmt":"2021-11-19T02:31:03","slug":"colectivos-se-reunen-con-el-comite-de-desapariciones-de-la-onu","status":"publish","type":"post","link":"https:\/\/nvnoticias.mx\/index.php\/2021\/11\/18\/colectivos-se-reunen-con-el-comite-de-desapariciones-de-la-onu\/","title":{"rendered":"Colectivos se re\u00fanen con el Comit\u00e9 de Desapariciones de la ONU"},"content":{"rendered":"\n<p><strong>Jes\u00fas Utrilla | NV Noticias<\/strong><\/p>\n\n\n\n<p>Colectivos de b\u00fasqueda se reunieron con el Comit\u00e9 de Desapariciones de la ONU, en un conocido hotel de la ciudad de Veracruz.<\/p>\n\n\n\n<p>En la parte externa quienes desconocen el paradero de sus familiares solicitaron la intervenci\u00f3n del organismo para localizar a sus hijos, padres y hermanos.<\/p>\n\n\n\n<p>Rosal\u00eda Castro Rosas, coordinadora del Colectivo Solecito, acus\u00f3 que no hay avance en la investigaci\u00f3n por parte de las autoridades mexicanas, tampoco an\u00e1lisis de contexto y mucho menos detenidos.<\/p>\n\n\n\n<p>Solicitaron que las instituciones coloquen personal capacitado y que se habiliten b\u00fasquedas inmediatas.<\/p>\n\n\n\n<blockquote class=\"wp-block-quote is-layout-flow wp-block-quote-is-layout-flow\"><p><em>\u201cOtra crisis que tenemos en el estado es la forense. En Arbolillo llevamos a la fecha 65 cuerpos encontrados y a\u00fan con evidencia de credenciales no se ha notificado a las familias. Yo se que se le debe hacer el ADN pero nosotras ya hicimos el trabajo\u201d.<\/em><\/p><\/blockquote>\n\n\n\n<p>Insistieron en que las autoridades estatales no realizan su trabajo adem\u00e1s que falta coordinaci\u00f3n entre instituciones.<\/p>\n\n\n\n<p>En la junta tambi\u00e9n se dijo que las c\u00e1maras de vigilancia no cumplen con su funci\u00f3n.<\/p>\n\n\n\n<blockquote class=\"wp-block-quote is-layout-flow wp-block-quote-is-layout-flow\"><p><em>\u201cEst\u00e1n de adorno, ustedes vieron el ata\u00fad que dejaron en el bulevar y nadie vio nada. Lo mismo en las casetas de peaje\u201d.<\/em><\/p><\/blockquote>\n\n\n\n<p>A la reuni\u00f3n asistieron representantes de distintos colectivos del estado.<\/p>\n\n\n\n<p>Admitieron que el problema no se resolver\u00e1 de manera inmediata sin embargo agradecieron el acercamiento con el el Comit\u00e9 de Desapariciones de la ONU.<\/p>\n","protected":false},"excerpt":{"rendered":"<p>Jes\u00fas Utrilla | NV Noticias Colectivos de b\u00fasqueda se reunieron con el Comit\u00e9 de Desapariciones de la ONU, en un conocido hotel de la ciudad de Veracruz. En la parte externa quienes desconocen el paradero de sus familiares solicitaron la intervenci\u00f3n del organismo para localizar a sus hijos, padres y hermanos. Rosal\u00eda Castro Rosas, coordinadora [&hellip;]<\/p>\n","protected":false},"author":7,"featured_media":22341,"comment_status":"open","ping_status":"open","sticky":false,"template":"","format":"standard","meta":{"_monsterinsights_skip_tracking":false,"_monsterinsights_sitenote_active":false,"_monsterinsights_sitenote_note":"","_monsterinsights_sitenote_category":0,"footnotes":""},"categories":[154],"tags":[360,7246,513],"class_list":["post-31264","post","type-post","status-publish","format-standard","has-post-thumbnail","hentry","category-veracruz","tag-colectivos","tag-comite-de-desapariciones","tag-onu","wp-image-borders"],"amp_enabled":true,"_links":{"self":[{"href":"https:\/\/nvnoticias.mx\/index.php\/wp-json\/wp\/v2\/posts\/31264","targetHints":{"allow":["GET"]}}],"collection":[{"href":"https:\/\/nvnoticias.mx\/index.php\/wp-json\/wp\/v2\/posts"}],"about":[{"href":"https:\/\/nvnoticias.mx\/index.php\/wp-json\/wp\/v2\/types\/post"}],"author":[{"embeddable":true,"href":"https:\/\/nvnoticias.mx\/index.php\/wp-json\/wp\/v2\/users\/7"}],"replies":[{"embeddable":true,"href":"https:\/\/nvnoticias.mx\/index.php\/wp-json\/wp\/v2\/comments?post=31264"}],"version-history":[{"count":1,"href":"https:\/\/nvnoticias.mx\/index.php\/wp-json\/wp\/v2\/posts\/31264\/revisions"}],"predecessor-version":[{"id":31265,"href":"https:\/\/nvnoticias.mx\/index.php\/wp-json\/wp\/v2\/posts\/31264\/revisions\/31265"}],"wp:featuredmedia":[{"embeddable":true,"href":"https:\/\/nvnoticias.mx\/index.php\/wp-json\/wp\/v2\/media\/22341"}],"wp:attachment":[{"href":"https:\/\/nvnoticias.mx\/index.php\/wp-json\/wp\/v2\/media?parent=31264"}],"wp:term":[{"taxonomy":"category","embeddable":true,"href":"https:\/\/nvnoticias.mx\/index.php\/wp-json\/wp\/v2\/categories?post=31264"},{"taxonomy":"post_tag","embeddable":true,"href":"https:\/\/nvnoticias.mx\/index.php\/wp-json\/wp\/v2\/tags?post=31264"}],"curies":[{"name":"wp","href":"https:\/\/api.w.org\/{rel}","templated":true}]}}