{"id":30949,"date":"2021-11-16T11:44:35","date_gmt":"2021-11-16T17:44:35","guid":{"rendered":"https:\/\/nvnoticias.mx\/?p=30949"},"modified":"2021-11-16T11:44:35","modified_gmt":"2021-11-16T17:44:35","slug":"bloquean-acceso-a-la-terminal-1-de-aicm-padres-de-ninos-con-cancer","status":"publish","type":"post","link":"https:\/\/nvnoticias.mx\/index.php\/2021\/11\/16\/bloquean-acceso-a-la-terminal-1-de-aicm-padres-de-ninos-con-cancer\/","title":{"rendered":"Bloquean acceso a la Terminal 1 de AICM padres de ni\u00f1os con c\u00e1ncer"},"content":{"rendered":"\n<p>Este martes, un grupo de entre 10 y 15 personas volvieron a bloquear el\u00a0<strong>acceso a la Terminal 1 del Aeropuerto Internacional de la Ciudad de M\u00e9xico\u00a0<\/strong>(AICM). <\/p>\n\n\n\n<p>El Centro de Orientaci\u00f3n Vial de la Secretar\u00eda de Seguridad Ciudadana dio a conocer que est\u00e1 cerrada la circulaci\u00f3n en Capit\u00e1n Carlos Le\u00f3n en las inmediaciones de la estaci\u00f3n a\u00e9rea. Como alternativa para transitar se estableci\u00f3 Circuito Interior, Oriente 172 y Av. Del Pe\u00f1\u00f3n.<\/p>\n\n\n\n<blockquote class=\"wp-block-quote is-layout-flow wp-block-quote-is-layout-flow\"><p>\u201c09:54 #Precauci\u00f3nVial | Continua cerrada la circulaci\u00f3n en Capit\u00e1n Carlos Le\u00f3n inmediaciones del@AICM_mx por manifestantes. #AlternativaVial Oriente 172 y Av. Del Pe\u00f1\u00f3n\u201d<\/p><\/blockquote>\n\n\n\n<p>Se trata de la<strong>segunda semana<\/strong>\u00a0<strong>consecutiva<\/strong>\u00a0en que este contingente se manifiesta en la terminal a\u00e9rea para\u00a0<strong>exigir a las autoridades mexicanas el abasto de medicamentos oncol\u00f3gicos\u00a0<\/strong>para ni\u00f1os con c\u00e1ncer.<\/p>\n\n\n\n<p>Cabe recordar que el pasado martes, mientras el presidente&nbsp;<strong>Andr\u00e9s Manuel L\u00f3pez Obrador&nbsp;<\/strong>expon\u00eda ante el Consejo de Seguridad de la Organizaci\u00f3n de las Naciones Unidas (ONU) una propuesta para ayudar a&nbsp;<strong>750 millones de personas en situcaci\u00f3n de probreza<\/strong>&nbsp;en el mundo,<strong>&nbsp;padres de ni\u00f1os con c\u00e1ncer<\/strong>&nbsp;protestaban en el AICM por falta de f\u00e1rmacos.<\/p>\n\n\n\n<p>El acceso estuvo cerrado por casi seis horas, retir\u00e1ndose as\u00ed<strong>&nbsp;hasta las 4 de la tade<\/strong>. \u201cEs la sexta o s\u00e9ptima ocasi\u00f3n que estamos aqu\u00ed bloqueando,&nbsp;<strong>no nos iremos hasta tener respuesta<\/strong>, ya estamos cansados, hartos de que dos o tres meses nos den los medicamentos, pero luego de nuevo el desabasto y no lo vamos a dejar crecer, aqu\u00ed nos vamos a quedar hasta tener respuesta\u201d, dijo Omar Hern\u00e1ndez, vocero de la Asociaci\u00f3n de Padres de Familia con Ni\u00f1os Enfermos.<\/p>\n\n\n\n<p>Aunado a esto, explic\u00f3 que a pesar de llevar 21 reuniones con autoridades del Instituto Nacional de Salud para el Bienestar (Insabi),\u00a0<strong>la escaces de f\u00e1rmacos contin\u00faa<\/strong>. \u201cNo importa que sea un solo ni\u00f1o al que le falte medicamento, vamos a protestar porque debemos alzar la voz para ayudarnos entre todos\u201d, subray\u00f3 Hernandez.<\/p>\n\n\n\n<p>Durante una entrevista con el periodista Javier Risco, indic\u00f3 que si este mi\u00e9rcoles no se llega a un acuerdo que beneficie a los ni\u00f1os con c\u00e1ncer,&nbsp;<strong>cada martes seguir\u00e1n bloqueando la terminal a\u00e9rea hasta que se de soluci\u00f3n al problema.<\/strong><\/p>\n\n\n\n<p>\u201c<strong>Nuevamente tenemos una reuni\u00f3n que son los d\u00edas mi\u00e9rcoles de cada semana<\/strong>, la reuni\u00f3n ya la 22, entonces, si en esta reuni\u00f3n no se resuelve, continuamos con lo que se hab\u00eda anunciado y el pr\u00f3ximo martes vamos a estar nuevamente en el aeropuerto como un acto de protesta, no es una guerra en contra del gobierno\u201d, indic\u00f3.<\/p>\n\n\n\n<p>Fuente: Infobae<\/p>\n","protected":false},"excerpt":{"rendered":"<p>Este martes, un grupo de entre 10 y 15 personas volvieron a bloquear el\u00a0acceso a la Terminal 1 del Aeropuerto Internacional de la Ciudad de M\u00e9xico\u00a0(AICM). El Centro de Orientaci\u00f3n Vial de la Secretar\u00eda de Seguridad Ciudadana dio a conocer que est\u00e1 cerrada la circulaci\u00f3n en Capit\u00e1n Carlos Le\u00f3n en las inmediaciones de la estaci\u00f3n [&hellip;]<\/p>\n","protected":false},"author":35,"featured_media":28197,"comment_status":"open","ping_status":"open","sticky":false,"template":"","format":"standard","meta":{"_monsterinsights_skip_tracking":false,"_monsterinsights_sitenote_active":false,"_monsterinsights_sitenote_note":"","_monsterinsights_sitenote_category":0,"footnotes":""},"categories":[157],"tags":[6573,4712,162],"class_list":["post-30949","post","type-post","status-publish","format-standard","has-post-thumbnail","hentry","category-nacional","tag-aicm","tag-ninos-con-cancer","tag-portada","wp-image-borders"],"amp_enabled":true,"_links":{"self":[{"href":"https:\/\/nvnoticias.mx\/index.php\/wp-json\/wp\/v2\/posts\/30949","targetHints":{"allow":["GET"]}}],"collection":[{"href":"https:\/\/nvnoticias.mx\/index.php\/wp-json\/wp\/v2\/posts"}],"about":[{"href":"https:\/\/nvnoticias.mx\/index.php\/wp-json\/wp\/v2\/types\/post"}],"author":[{"embeddable":true,"href":"https:\/\/nvnoticias.mx\/index.php\/wp-json\/wp\/v2\/users\/35"}],"replies":[{"embeddable":true,"href":"https:\/\/nvnoticias.mx\/index.php\/wp-json\/wp\/v2\/comments?post=30949"}],"version-history":[{"count":1,"href":"https:\/\/nvnoticias.mx\/index.php\/wp-json\/wp\/v2\/posts\/30949\/revisions"}],"predecessor-version":[{"id":30952,"href":"https:\/\/nvnoticias.mx\/index.php\/wp-json\/wp\/v2\/posts\/30949\/revisions\/30952"}],"wp:featuredmedia":[{"embeddable":true,"href":"https:\/\/nvnoticias.mx\/index.php\/wp-json\/wp\/v2\/media\/28197"}],"wp:attachment":[{"href":"https:\/\/nvnoticias.mx\/index.php\/wp-json\/wp\/v2\/media?parent=30949"}],"wp:term":[{"taxonomy":"category","embeddable":true,"href":"https:\/\/nvnoticias.mx\/index.php\/wp-json\/wp\/v2\/categories?post=30949"},{"taxonomy":"post_tag","embeddable":true,"href":"https:\/\/nvnoticias.mx\/index.php\/wp-json\/wp\/v2\/tags?post=30949"}],"curies":[{"name":"wp","href":"https:\/\/api.w.org\/{rel}","templated":true}]}}