{"id":30942,"date":"2021-11-16T11:10:20","date_gmt":"2021-11-16T17:10:20","guid":{"rendered":"https:\/\/nvnoticias.mx\/?p=30942"},"modified":"2021-11-16T11:10:20","modified_gmt":"2021-11-16T17:10:20","slug":"pescadores-se-manifiestan-para-exigir-indemnizacion","status":"publish","type":"post","link":"https:\/\/nvnoticias.mx\/index.php\/2021\/11\/16\/pescadores-se-manifiestan-para-exigir-indemnizacion\/","title":{"rendered":"Pescadores se manifiestan para exigir indemnizaci\u00f3n"},"content":{"rendered":"\n<p>Jes\u00fas Utrilla |  NV Noticias<\/p>\n\n\n\n<p>Integrantes de la Cooperativa de la Escollera de Playa Norte se manifestaron para exigir que la Administraci\u00f3n Portuaria Integral de Veracruz los indemnicen ante las afectaciones que sufrieron por la ampliaci\u00f3n del puerto.<\/p>\n\n\n\n<p>Dijeron que las obras comenzaron a alcanzar su \u00e1rea de arribo, sin embargo, se trata de una zona productiva.<\/p>\n\n\n\n<p>Son cerca de 3 kil\u00f3metros donde ya no podr\u00e1n pescar.<\/p>\n\n\n\n<p>Actualmente la captura es de huachinango, villajaiba, robalo, entre otros.<\/p>\n\n\n\n<p>\u00c1ngel Contreras acus\u00f3 que los l\u00edderes que anteriormente representaban a los pescadores en su momento efectuaron convenios con la Administraci\u00f3n Portuaria Integral de Veracruz para su propio beneficio.<\/p>\n\n\n\n<blockquote class=\"wp-block-quote is-layout-flow wp-block-quote-is-layout-flow\"><p>\u201cJoaqu\u00edn Sosa Herrera se vendi\u00f3 ante APIVER, recibi\u00f3 un dinero y ellos se tuvieron que corre. Hoy en d\u00eda se unieron Nicol\u00e1s Rivera, Isabel Pastrana, Bernardo Hern\u00e1ndez, Francisco Torres Pulido y fuimos a la mesa de trabajo y a todos les dieron un contrato de mill\u00f3n 200\u201d.<\/p><\/blockquote>\n\n\n\n<p>Dijo que los l\u00edderes tampoco entregaron los apoyos que el gobierno destin\u00f3 para\u00a0 el sector, por ello no cuentan con redes, lanchas y otros insumos para la pesca.<\/p>\n\n\n\n<p>Por su parte Josefa Hern\u00e1ndez dijo que hubo irregularidades desde que quitaron las palapas de Playa Norte.<\/p>\n\n\n\n<blockquote class=\"wp-block-quote is-layout-flow wp-block-quote-is-layout-flow\"><p>\u201cCuando firmaron para derribar palapas tambi\u00e9n derribaron las caba\u00f1as porque l\u00edderes como Bernardo Guzm\u00e1n, Isabel Pastrana y Joaqu\u00edn Sosa atropellaron a los pescadores porque los pescadores s\u00ed se ten\u00edan que salir de ah\u00ed pero con una indemnizaci\u00f3n\u201d.<\/p><\/blockquote>\n\n\n\n<p>Acusaron que ademas supuestamente les prometieron la realizaci\u00f3n de un muelle mar\u00edtimo pero no les cumplieron.<\/p>\n","protected":false},"excerpt":{"rendered":"<p>Jes\u00fas Utrilla | NV Noticias Integrantes de la Cooperativa de la Escollera de Playa Norte se manifestaron para exigir que la Administraci\u00f3n Portuaria Integral de Veracruz los indemnicen ante las afectaciones que sufrieron por la ampliaci\u00f3n del puerto. Dijeron que las obras comenzaron a alcanzar su \u00e1rea de arribo, sin embargo, se trata de una [&hellip;]<\/p>\n","protected":false},"author":6,"featured_media":30943,"comment_status":"open","ping_status":"open","sticky":false,"template":"","format":"standard","meta":{"_monsterinsights_skip_tracking":false,"_monsterinsights_sitenote_active":false,"_monsterinsights_sitenote_note":"","_monsterinsights_sitenote_category":0,"footnotes":""},"categories":[154],"tags":[503,272],"class_list":["post-30942","post","type-post","status-publish","format-standard","has-post-thumbnail","hentry","category-veracruz","tag-manifestacion","tag-pescadores","wp-image-borders"],"amp_enabled":true,"_links":{"self":[{"href":"https:\/\/nvnoticias.mx\/index.php\/wp-json\/wp\/v2\/posts\/30942","targetHints":{"allow":["GET"]}}],"collection":[{"href":"https:\/\/nvnoticias.mx\/index.php\/wp-json\/wp\/v2\/posts"}],"about":[{"href":"https:\/\/nvnoticias.mx\/index.php\/wp-json\/wp\/v2\/types\/post"}],"author":[{"embeddable":true,"href":"https:\/\/nvnoticias.mx\/index.php\/wp-json\/wp\/v2\/users\/6"}],"replies":[{"embeddable":true,"href":"https:\/\/nvnoticias.mx\/index.php\/wp-json\/wp\/v2\/comments?post=30942"}],"version-history":[{"count":1,"href":"https:\/\/nvnoticias.mx\/index.php\/wp-json\/wp\/v2\/posts\/30942\/revisions"}],"predecessor-version":[{"id":30944,"href":"https:\/\/nvnoticias.mx\/index.php\/wp-json\/wp\/v2\/posts\/30942\/revisions\/30944"}],"wp:featuredmedia":[{"embeddable":true,"href":"https:\/\/nvnoticias.mx\/index.php\/wp-json\/wp\/v2\/media\/30943"}],"wp:attachment":[{"href":"https:\/\/nvnoticias.mx\/index.php\/wp-json\/wp\/v2\/media?parent=30942"}],"wp:term":[{"taxonomy":"category","embeddable":true,"href":"https:\/\/nvnoticias.mx\/index.php\/wp-json\/wp\/v2\/categories?post=30942"},{"taxonomy":"post_tag","embeddable":true,"href":"https:\/\/nvnoticias.mx\/index.php\/wp-json\/wp\/v2\/tags?post=30942"}],"curies":[{"name":"wp","href":"https:\/\/api.w.org\/{rel}","templated":true}]}}