{"id":30900,"date":"2021-11-15T19:06:56","date_gmt":"2021-11-16T01:06:56","guid":{"rendered":"https:\/\/nvnoticias.mx\/?p=30900"},"modified":"2021-11-15T19:06:58","modified_gmt":"2021-11-16T01:06:58","slug":"reportan-55-casos-de-covid-19-en-asistentes-de-pal-norte","status":"publish","type":"post","link":"https:\/\/nvnoticias.mx\/index.php\/2021\/11\/15\/reportan-55-casos-de-covid-19-en-asistentes-de-pal-norte\/","title":{"rendered":"Reportan 55 casos de covid-19 en asistentes de Pal&#8217; Norte"},"content":{"rendered":"\n<p>Durante el\u00a0Festival Pa&#8217;l Norte\u00a0que se llev\u00f3 a cabo en el\u00a0Parque Fundidora\u00a0los d\u00edas viernes y s\u00e1bado \u00faltimos, fueron detectados 55\u00a0casos positivos de Covid-19, mediante mil 900 pruebas que se realizaron a los asistentes que presentaban algunos s\u00edntomas de la enfermedad viral, inform\u00f3 la titular de la Secretar\u00eda Estatal de Salud, Alma Rosa Marroqu\u00edn Escamilla.<\/p>\n\n\n\n<p>Asimismo, la funcionaria estatal se\u00f1al\u00f3 que se neg\u00f3 el acceso a 35 menores, por incumplir los requisitos para asistir a ese tipo de eventos art\u00edsticos, donde se consumen bebidas alcoh\u00f3licas, y 135 personas fueron expulsadas por diversos motivos.<\/p>\n\n\n\n<p>Tambi\u00e9n se amonest\u00f3 a tres mil 950 asistentes por fumar y fueron aseguradas m\u00e1s de cuatro cajetillas de cigarros, al tiempo que fueron atendidas en las carpas de aislamiento 415 personas que presentaban principalmente s\u00edntomas de cansancio y tres fueron trasladadas en ambulancia a recibir atenci\u00f3n m\u00e9dica por traumatismos leves.<\/p>\n\n\n\n<p>Marroquin Escamilla se\u00f1al\u00f3 que los organizadores respetaron el aforo permitido del 40 por ciento, es decir de hasta 64 mil asistentes para un sitio al aire libre con capacidad para albergar a 160 mil personas.<\/p>\n\n\n\n<p>En otro orden, la funcionaria de Salud expres\u00f3 su preocupaci\u00f3n porque no obstante que desde el dos de noviembre se han contabilizado doce d\u00edas consecutivos con menos de 200 contagios diarios, las hospitalizaciones se elevaron desde 275 el pasado nueve de noviembre a 327 en las 24 horas previas a este domingo, si bien los pacientes con ventilaci\u00f3n mec\u00e1nica han ido a la baja desde los 79 que hab\u00eda el primero de noviembre a 54 el s\u00e1bado \u00faltimo.<\/p>\n\n\n\n<p>Marroqu\u00edn Escamilla expres\u00f3 que esto puede ser debido a que muchas personas ya vacunadas y con s\u00edntomas que consideran leves, no acuden a tratarse en forma oportuna a un hospital ni se realizan la prueba para detectar el virus SARS-CoV-2, y tambi\u00e9n porque hay m\u00e9dicos que est\u00e1n atendiendo a domicilio en forma inapropiada.<\/p>\n\n\n\n<p>Lo que s\u00ed queda claro es que cualquier vacuna autorizada en M\u00e9xico funciona para prevenir enfermedad grave y disminuir el riesgo de muerte, por lo cual el gobierno estatal en coordinaci\u00f3n con los municipios y el gobierno federal, insistir\u00e1 en una campa\u00f1a intensiva de vacunaci\u00f3n, que en lo que va de la nueva administraci\u00f3n (desde el cuatro de octubre), permiti\u00f3 inmunizar a 1.3 millones de nuevoleoneses.<\/p>\n\n\n\n<p>Inform\u00f3 que con tal prop\u00f3sito la semana entrante se instalar\u00e1n siete m\u00f3dulos para vacunar con AstraZeneca a rezagados mayores de 18 a\u00f1os que no hayan recibido ninguna dosis, adem\u00e1s de aplicar la segunda dosis a los grupos etarios que faltan, a fin de alcanzar un 90 por ciento de la poblaci\u00f3n o el ideal del 95 por ciento, y lograr una protecci\u00f3n generalizada contra la enfermedad viral, pues ya en este momento el 86 por ciento cuenta con al menos una dosis y m\u00e1s del 70 por ciento ha recibido el esquema completo.<\/p>\n\n\n\n<p>Fuente: El Universal<\/p>\n","protected":false},"excerpt":{"rendered":"<p>Durante el\u00a0Festival Pa&#8217;l Norte\u00a0que se llev\u00f3 a cabo en el\u00a0Parque Fundidora\u00a0los d\u00edas viernes y s\u00e1bado \u00faltimos, fueron detectados 55\u00a0casos positivos de Covid-19, mediante mil 900 pruebas que se realizaron a los asistentes que presentaban algunos s\u00edntomas de la enfermedad viral, inform\u00f3 la titular de la Secretar\u00eda Estatal de Salud, Alma Rosa Marroqu\u00edn Escamilla. Asimismo, la [&hellip;]<\/p>\n","protected":false},"author":7,"featured_media":30901,"comment_status":"open","ping_status":"open","sticky":false,"template":"","format":"standard","meta":{"_monsterinsights_skip_tracking":false,"_monsterinsights_sitenote_active":false,"_monsterinsights_sitenote_note":"","_monsterinsights_sitenote_category":0,"footnotes":""},"categories":[576],"tags":[4410,175,3554,1325],"class_list":["post-30900","post","type-post","status-publish","format-standard","has-post-thumbnail","hentry","category-ocio","tag-casos-positivos","tag-covid-19","tag-festival","tag-pal-norte","wp-image-borders"],"amp_enabled":true,"_links":{"self":[{"href":"https:\/\/nvnoticias.mx\/index.php\/wp-json\/wp\/v2\/posts\/30900","targetHints":{"allow":["GET"]}}],"collection":[{"href":"https:\/\/nvnoticias.mx\/index.php\/wp-json\/wp\/v2\/posts"}],"about":[{"href":"https:\/\/nvnoticias.mx\/index.php\/wp-json\/wp\/v2\/types\/post"}],"author":[{"embeddable":true,"href":"https:\/\/nvnoticias.mx\/index.php\/wp-json\/wp\/v2\/users\/7"}],"replies":[{"embeddable":true,"href":"https:\/\/nvnoticias.mx\/index.php\/wp-json\/wp\/v2\/comments?post=30900"}],"version-history":[{"count":1,"href":"https:\/\/nvnoticias.mx\/index.php\/wp-json\/wp\/v2\/posts\/30900\/revisions"}],"predecessor-version":[{"id":30902,"href":"https:\/\/nvnoticias.mx\/index.php\/wp-json\/wp\/v2\/posts\/30900\/revisions\/30902"}],"wp:featuredmedia":[{"embeddable":true,"href":"https:\/\/nvnoticias.mx\/index.php\/wp-json\/wp\/v2\/media\/30901"}],"wp:attachment":[{"href":"https:\/\/nvnoticias.mx\/index.php\/wp-json\/wp\/v2\/media?parent=30900"}],"wp:term":[{"taxonomy":"category","embeddable":true,"href":"https:\/\/nvnoticias.mx\/index.php\/wp-json\/wp\/v2\/categories?post=30900"},{"taxonomy":"post_tag","embeddable":true,"href":"https:\/\/nvnoticias.mx\/index.php\/wp-json\/wp\/v2\/tags?post=30900"}],"curies":[{"name":"wp","href":"https:\/\/api.w.org\/{rel}","templated":true}]}}