{"id":30737,"date":"2021-11-14T12:24:42","date_gmt":"2021-11-14T18:24:42","guid":{"rendered":"https:\/\/nvnoticias.mx\/?p=30737"},"modified":"2021-11-14T12:26:47","modified_gmt":"2021-11-14T18:26:47","slug":"asegura-marko-cortes-que-aprobacion-de-presupuesto-2022-sera-una-fabrica-de-pobres","status":"publish","type":"post","link":"https:\/\/nvnoticias.mx\/index.php\/2021\/11\/14\/asegura-marko-cortes-que-aprobacion-de-presupuesto-2022-sera-una-fabrica-de-pobres\/","title":{"rendered":"Asegura Marko Cort\u00e9s que aprobaci\u00f3n de Presupuesto 2022 ser\u00e1 una f\u00e1brica de pobres"},"content":{"rendered":"\n<p>Con la aprobaci\u00f3n del\u00a0<strong>Presupuesto de Egresos de la Federaci\u00f3n<\/strong>, el gobierno de M\u00e9xico \u201cse consolidar\u00e1 en 2022 como una f\u00e1brica de pobres\u201d, asegur\u00f3 el dirigente nacional del PAN, Marko Cort\u00e9s, quien consider\u00f3 que al negarse a cambiarle \u201cuna coma\u201d, los diputados oficialistas de\u00a0Morena, PT y PVEM\u00a0convirtieron a la C\u00e1mara de Diputados en una \u201coficial\u00eda de partes del Ejecutivo federal\u201d.<\/p>\n\n\n\n<p>Mediante un comunicado y un video promocional que el&nbsp;<strong>PAN&nbsp;<\/strong>comenz\u00f3 a difundir la ma\u00f1ana de este domingo, a unas horas de que la C\u00e1mara de Diputados aprob\u00f3 el Presupuesto de Egresos de la Federaci\u00f3n del pr\u00f3ximo a\u00f1o,&nbsp;<strong>Marko Cort\u00e9s&nbsp;<\/strong>Mendoza afirm\u00f3 que \u201cal gobierno morenista y a sus diputados poco les import\u00f3 que siga aumentando el n\u00famero de pobres y que millones de personas est\u00e9n sin trabajo y sin ingresos para el sustento diario.<\/p>\n\n\n\n<p>\u201cLamentablemente, con un Presupuesto que solo privilegia los caprichos del presidente, el gobierno se consolidar\u00e1 en 2022 como una f\u00e1brica de pobres, un caso realmente perverso para un presidente que ha centrado su discurso en el combate a la pobreza y la desigualdad\u201d, resalt\u00f3.<\/p>\n\n\n\n<p>En el comunicado de prensa, el l\u00edder nacional de los panistas consider\u00f3 que \u201ccon su comportamiento d\u00f3cil e incondicional al presidente, los legisladores que aprobaron el Presupuesto sin mover una coma, se convirtieron en la oficial\u00eda de partes del Ejecutivo federal para que contin\u00fae con sus proyectos fara\u00f3nicos, sin importarles en lo m\u00e1s m\u00ednimo el bienestar de millones de familias que no tienen ni para comer\u201d.<\/p>\n\n\n\n<p>Y en el video promocional que difunde el&nbsp;<strong>PAN, Marko Cort\u00e9s<\/strong>&nbsp;asegura que \u201cMorena volvi\u00f3 a mostrar su rostro insensible y autoritario. Pusieron por delante los caprichos gubernamentales antes que el bienestar de las familias mexicanas. Con su presupuesto se consolidar\u00e1 a este gobierno como una f\u00e1brica de pobres y aumentar\u00e1n las crisis econ\u00f3micas, de salud y de inseguridad\u201d.<\/p>\n\n\n\n<p>Dice que \u201cel presupuesto aprobado por Morena y sus aliados no atiende las necesidades urgentes de la gente. Con el voto de los diputados de Morena, PT y el Partido Verde se afecta a los m\u00e1s pobres, a las ni\u00f1as y los ni\u00f1os con c\u00e1ncer, a las mujeres v\u00edctimas de la violencia\u201d.<\/p>\n\n\n\n<p>Y se compromete a que \u201cdesde Acci\u00f3n Nacional seguiremos dando la batalla para poder corregir el rumbo de M\u00e9xico. Siempre estaremos comprometidos con el bien com\u00fan, porque creemos que nuestro pa\u00eds merece un mejor futuro para la ni\u00f1ez y la juventud. Estamos del lado de la gente\u201d.<\/p>\n\n\n\n<blockquote class=\"twitter-tweet\"><p lang=\"es\" dir=\"ltr\">Morena aprob\u00f3 el presupuesto sin cambiarle una sola coma, le dio la espalda a las familias mexicanas para cumplir los caprichos presidenciales y demostraron su rostro insensible y autoritario.<a href=\"https:\/\/twitter.com\/AccionNacional?ref_src=twsrc%5Etfw\">@AccionNacional<\/a> seguir\u00e1 dando la batalla para poder corregir el rumbo del pa\u00eds. <a href=\"https:\/\/t.co\/ytZzcrfKQU\">pic.twitter.com\/ytZzcrfKQU<\/a><\/p>&mdash; Marko Cort\u00e9s (@MarkoCortes) <a href=\"https:\/\/twitter.com\/MarkoCortes\/status\/1459898695168802817?ref_src=twsrc%5Etfw\">November 14, 2021<\/a><\/blockquote> <script async src=\"https:\/\/platform.twitter.com\/widgets.js\" charset=\"utf-8\"><\/script>\n\n\n\n<p><\/p>\n","protected":false},"excerpt":{"rendered":"<p>Con la aprobaci\u00f3n del\u00a0Presupuesto de Egresos de la Federaci\u00f3n, el gobierno de M\u00e9xico \u201cse consolidar\u00e1 en 2022 como una f\u00e1brica de pobres\u201d, asegur\u00f3 el dirigente nacional del PAN, Marko Cort\u00e9s, quien consider\u00f3 que al negarse a cambiarle \u201cuna coma\u201d, los diputados oficialistas de\u00a0Morena, PT y PVEM\u00a0convirtieron a la C\u00e1mara de Diputados en una \u201coficial\u00eda de [&hellip;]<\/p>\n","protected":false},"author":35,"featured_media":18327,"comment_status":"open","ping_status":"open","sticky":false,"template":"","format":"standard","meta":{"_monsterinsights_skip_tracking":false,"_monsterinsights_sitenote_active":false,"_monsterinsights_sitenote_note":"","_monsterinsights_sitenote_category":0,"footnotes":""},"categories":[158],"tags":[597,284,162,6206],"class_list":["post-30737","post","type-post","status-publish","format-standard","has-post-thumbnail","hentry","category-politica","tag-marko-cortes","tag-pan","tag-portada","tag-presupuesto-2022","wp-image-borders"],"amp_enabled":true,"_links":{"self":[{"href":"https:\/\/nvnoticias.mx\/index.php\/wp-json\/wp\/v2\/posts\/30737","targetHints":{"allow":["GET"]}}],"collection":[{"href":"https:\/\/nvnoticias.mx\/index.php\/wp-json\/wp\/v2\/posts"}],"about":[{"href":"https:\/\/nvnoticias.mx\/index.php\/wp-json\/wp\/v2\/types\/post"}],"author":[{"embeddable":true,"href":"https:\/\/nvnoticias.mx\/index.php\/wp-json\/wp\/v2\/users\/35"}],"replies":[{"embeddable":true,"href":"https:\/\/nvnoticias.mx\/index.php\/wp-json\/wp\/v2\/comments?post=30737"}],"version-history":[{"count":1,"href":"https:\/\/nvnoticias.mx\/index.php\/wp-json\/wp\/v2\/posts\/30737\/revisions"}],"predecessor-version":[{"id":30738,"href":"https:\/\/nvnoticias.mx\/index.php\/wp-json\/wp\/v2\/posts\/30737\/revisions\/30738"}],"wp:featuredmedia":[{"embeddable":true,"href":"https:\/\/nvnoticias.mx\/index.php\/wp-json\/wp\/v2\/media\/18327"}],"wp:attachment":[{"href":"https:\/\/nvnoticias.mx\/index.php\/wp-json\/wp\/v2\/media?parent=30737"}],"wp:term":[{"taxonomy":"category","embeddable":true,"href":"https:\/\/nvnoticias.mx\/index.php\/wp-json\/wp\/v2\/categories?post=30737"},{"taxonomy":"post_tag","embeddable":true,"href":"https:\/\/nvnoticias.mx\/index.php\/wp-json\/wp\/v2\/tags?post=30737"}],"curies":[{"name":"wp","href":"https:\/\/api.w.org\/{rel}","templated":true}]}}