{"id":30665,"date":"2021-11-13T12:30:13","date_gmt":"2021-11-13T18:30:13","guid":{"rendered":"https:\/\/nvnoticias.mx\/?p=30665"},"modified":"2021-11-13T12:30:13","modified_gmt":"2021-11-13T18:30:13","slug":"fumigan-colonias-de-veracruz-contra-el-dengue","status":"publish","type":"post","link":"https:\/\/nvnoticias.mx\/index.php\/2021\/11\/13\/fumigan-colonias-de-veracruz-contra-el-dengue\/","title":{"rendered":"Fumigan colonias de Veracruz contra el dengue"},"content":{"rendered":"\n<p><strong>Jesus Utrilla | NV Noticias<\/strong><\/p>\n\n\n\n<p>Autoridades del Ayuntamiento de Veracruz y de la Jurisdicci\u00f3n Sanitaria n\u00famero 8 realizan acciones de fumigaci\u00f3n en las diferentes colonias, para combatir al mosco transmisor del dengue.<\/p>\n\n\n\n<p>El regidor con la comisi\u00f3n de Salud, del ayuntamiento porte\u00f1o, Juan de la Cruz S\u00e1nchez, aclar\u00f3 que a lo largo del a\u00f1o han realizado dichas acciones, a pesar de la emergencia sanitaria.<\/p>\n\n\n\n<p>Pero exhort\u00f3 a no bajar la guardia, pues a pesar de la pandemia del COVID, podr\u00edan darse casos de dengue entre los porte\u00f1os.<\/p>\n\n\n\n<blockquote class=\"wp-block-quote is-layout-flow wp-block-quote-is-layout-flow\"><p>\u201cTenemos el apoyo de la Jurisdicci\u00f3n Sanitaria, s\u00ed se han hecho fumigaciones por el dengue en distintas colonias, sobre todo al norte de la ciudad. Hemos subido incluso im\u00e1genes a la red de donde estamos fumigando\u201d.<\/p><\/blockquote>\n\n\n\n<p>Aclar\u00f3 que no se han reportado casos graves de dengue en la ciudad pero llam\u00f3 a no tener reservas de agua, tapar, tirar y limpiar los patios. Evitar acumular basura y cacharros donde pueda proliferar el mosco.<\/p>\n\n\n\n<blockquote class=\"wp-block-quote is-layout-flow wp-block-quote-is-layout-flow\"><p>\u201cSi no hay criaderos de mosco no hay dengue, entonces lo que debemos hacer es evitar los criaderos de mosquitos\u201d.<\/p><\/blockquote>\n\n\n\n<p>Reiter\u00f3 que a pesar de la pandemia se mantienen acciones para controlar casos de dengue en el municipio de Veracruz.<\/p>\n","protected":false},"excerpt":{"rendered":"<p>Jesus Utrilla | NV Noticias Autoridades del Ayuntamiento de Veracruz y de la Jurisdicci\u00f3n Sanitaria n\u00famero 8 realizan acciones de fumigaci\u00f3n en las diferentes colonias, para combatir al mosco transmisor del dengue. El regidor con la comisi\u00f3n de Salud, del ayuntamiento porte\u00f1o, Juan de la Cruz S\u00e1nchez, aclar\u00f3 que a lo largo del a\u00f1o han [&hellip;]<\/p>\n","protected":false},"author":6,"featured_media":30666,"comment_status":"open","ping_status":"open","sticky":false,"template":"","format":"standard","meta":{"_monsterinsights_skip_tracking":false,"_monsterinsights_sitenote_active":false,"_monsterinsights_sitenote_note":"","_monsterinsights_sitenote_category":0,"footnotes":""},"categories":[154],"tags":[1527,2601,180],"class_list":["post-30665","post","type-post","status-publish","format-standard","has-post-thumbnail","hentry","category-veracruz","tag-dengue","tag-fumigacion","tag-veracruz","wp-image-borders"],"amp_enabled":true,"_links":{"self":[{"href":"https:\/\/nvnoticias.mx\/index.php\/wp-json\/wp\/v2\/posts\/30665","targetHints":{"allow":["GET"]}}],"collection":[{"href":"https:\/\/nvnoticias.mx\/index.php\/wp-json\/wp\/v2\/posts"}],"about":[{"href":"https:\/\/nvnoticias.mx\/index.php\/wp-json\/wp\/v2\/types\/post"}],"author":[{"embeddable":true,"href":"https:\/\/nvnoticias.mx\/index.php\/wp-json\/wp\/v2\/users\/6"}],"replies":[{"embeddable":true,"href":"https:\/\/nvnoticias.mx\/index.php\/wp-json\/wp\/v2\/comments?post=30665"}],"version-history":[{"count":1,"href":"https:\/\/nvnoticias.mx\/index.php\/wp-json\/wp\/v2\/posts\/30665\/revisions"}],"predecessor-version":[{"id":30667,"href":"https:\/\/nvnoticias.mx\/index.php\/wp-json\/wp\/v2\/posts\/30665\/revisions\/30667"}],"wp:featuredmedia":[{"embeddable":true,"href":"https:\/\/nvnoticias.mx\/index.php\/wp-json\/wp\/v2\/media\/30666"}],"wp:attachment":[{"href":"https:\/\/nvnoticias.mx\/index.php\/wp-json\/wp\/v2\/media?parent=30665"}],"wp:term":[{"taxonomy":"category","embeddable":true,"href":"https:\/\/nvnoticias.mx\/index.php\/wp-json\/wp\/v2\/categories?post=30665"},{"taxonomy":"post_tag","embeddable":true,"href":"https:\/\/nvnoticias.mx\/index.php\/wp-json\/wp\/v2\/tags?post=30665"}],"curies":[{"name":"wp","href":"https:\/\/api.w.org\/{rel}","templated":true}]}}