{"id":30646,"date":"2021-11-13T10:36:28","date_gmt":"2021-11-13T16:36:28","guid":{"rendered":"https:\/\/nvnoticias.mx\/?p=30646"},"modified":"2021-11-13T10:36:51","modified_gmt":"2021-11-13T16:36:51","slug":"premia-el-grammy-latino-la-excelencia-de-emmanuel-y-gilberto-santa-rosa","status":"publish","type":"post","link":"https:\/\/nvnoticias.mx\/index.php\/2021\/11\/13\/premia-el-grammy-latino-la-excelencia-de-emmanuel-y-gilberto-santa-rosa\/","title":{"rendered":"Premia el Grammy Latino la excelencia de Emmanuel y Gilberto Santa Rosa"},"content":{"rendered":"\n<p>Gilberto Santa Rosa y Emmanuel han hecho historia en el mundo de la m\u00fasica, el boricua a ritmo de salsa, y tambi\u00e9n ha tenido su lado rom\u00e1ntico: \u201cEmpec\u00e9 cantando boleros desde ni\u00f1o\u201d; y el mexicano en el terreno del pop, en el que destaca: \u201cSiempre fui un paso adelante a mi \u00e9poca\u201d.<\/p>\n\n\n\n<p> Ambos han superado cambios, modas y hasta la forma en que la modernidad y la transformaci\u00f3n de la industria ha impuesto en la forma de consumir canciones. <\/p>\n\n\n\n<p>Los dos han caminado en paralelo y siempre con la firme convicci\u00f3n de superarse a s\u00ed mismos, de mirar hacia adelante y no voltear a los lados para mantener la conexi\u00f3n que por a\u00f1os han tenido con sus fans, a quienes han contagiado de su sensibilidad y han hecho cantar, bailar y llorar con sus interpretaciones; a cambio, el mejor reconocimiento es el aplauso. <\/p>\n\n\n\n<p>La entrega, disciplina, respeto y amor por su profesi\u00f3n los ha llevado a alcanzar la excelencia, que la Academia Latina de la Grabaci\u00f3n les reconocer\u00e1 el pr\u00f3ximo mi\u00e9rcoles 17 de noviembre, en el contexto de la\u00a0Semana del Grammy Latino en Las Vegas. <\/p>\n\n\n\n<blockquote class=\"wp-block-quote is-layout-flow wp-block-quote-is-layout-flow\"><p>A la cita, El caballero de la salsa acudir\u00e1 \u201ccon mi familia, mi esposa, dos de mis hijos, pues los otros dos no podr\u00e1n asistir por cuestiones de trabajo; y parte de mi equipo\u201d; mientras que El Bola llegar\u00e1 acompa\u00f1ado de su familia, que \u201cest\u00e1n triplemente m\u00e1s emocionados que yo\u201d. <\/p><\/blockquote>\n\n\n\n<p>Fuente: Milenio<\/p>\n","protected":false},"excerpt":{"rendered":"<p>Gilberto Santa Rosa y Emmanuel han hecho historia en el mundo de la m\u00fasica, el boricua a ritmo de salsa, y tambi\u00e9n ha tenido su lado rom\u00e1ntico: \u201cEmpec\u00e9 cantando boleros desde ni\u00f1o\u201d; y el mexicano en el terreno del pop, en el que destaca: \u201cSiempre fui un paso adelante a mi \u00e9poca\u201d. Ambos han superado [&hellip;]<\/p>\n","protected":false},"author":35,"featured_media":30647,"comment_status":"open","ping_status":"open","sticky":false,"template":"","format":"standard","meta":{"_monsterinsights_skip_tracking":false,"_monsterinsights_sitenote_active":false,"_monsterinsights_sitenote_note":"","_monsterinsights_sitenote_category":0,"footnotes":""},"categories":[576],"tags":[7133,7134,6282],"class_list":["post-30646","post","type-post","status-publish","format-standard","has-post-thumbnail","hentry","category-ocio","tag-emmanuel","tag-gilberto-santa-rosa","tag-latin-grammy","wp-image-borders"],"amp_enabled":true,"_links":{"self":[{"href":"https:\/\/nvnoticias.mx\/index.php\/wp-json\/wp\/v2\/posts\/30646","targetHints":{"allow":["GET"]}}],"collection":[{"href":"https:\/\/nvnoticias.mx\/index.php\/wp-json\/wp\/v2\/posts"}],"about":[{"href":"https:\/\/nvnoticias.mx\/index.php\/wp-json\/wp\/v2\/types\/post"}],"author":[{"embeddable":true,"href":"https:\/\/nvnoticias.mx\/index.php\/wp-json\/wp\/v2\/users\/35"}],"replies":[{"embeddable":true,"href":"https:\/\/nvnoticias.mx\/index.php\/wp-json\/wp\/v2\/comments?post=30646"}],"version-history":[{"count":2,"href":"https:\/\/nvnoticias.mx\/index.php\/wp-json\/wp\/v2\/posts\/30646\/revisions"}],"predecessor-version":[{"id":30649,"href":"https:\/\/nvnoticias.mx\/index.php\/wp-json\/wp\/v2\/posts\/30646\/revisions\/30649"}],"wp:featuredmedia":[{"embeddable":true,"href":"https:\/\/nvnoticias.mx\/index.php\/wp-json\/wp\/v2\/media\/30647"}],"wp:attachment":[{"href":"https:\/\/nvnoticias.mx\/index.php\/wp-json\/wp\/v2\/media?parent=30646"}],"wp:term":[{"taxonomy":"category","embeddable":true,"href":"https:\/\/nvnoticias.mx\/index.php\/wp-json\/wp\/v2\/categories?post=30646"},{"taxonomy":"post_tag","embeddable":true,"href":"https:\/\/nvnoticias.mx\/index.php\/wp-json\/wp\/v2\/tags?post=30646"}],"curies":[{"name":"wp","href":"https:\/\/api.w.org\/{rel}","templated":true}]}}