{"id":30448,"date":"2021-11-11T13:56:27","date_gmt":"2021-11-11T19:56:27","guid":{"rendered":"https:\/\/nvnoticias.mx\/?p=30448"},"modified":"2021-11-11T13:56:27","modified_gmt":"2021-11-11T19:56:27","slug":"gobernador-alerta-por-banda-de-colombianos-que-prestan-dinero-y-extorsionan-a-sus-victimas","status":"publish","type":"post","link":"https:\/\/nvnoticias.mx\/index.php\/2021\/11\/11\/gobernador-alerta-por-banda-de-colombianos-que-prestan-dinero-y-extorsionan-a-sus-victimas\/","title":{"rendered":"Gobernador alerta por banda de &#8220;colombianos&#8221; que prestan dinero y extorsionan a sus v\u00edctimas"},"content":{"rendered":"\n<p class=\"wp-block-paragraph\"><strong>Sam Ojeda\u00a0| NV Noticias<\/strong><\/p>\n\n\n\n<p class=\"wp-block-paragraph\">Xalapa.- El gobernador Cuitl\u00e1huac Garc\u00eda Jim\u00e9nez se\u00f1al\u00f3 que en Veracruz hay bandas de \u201ccolombianos\u201d que se dedican a otorgar pr\u00e9stamos econ\u00f3micos y luego extorsionan a sus v\u00edctimas.\u00a0<\/p>\n\n\n\n<p class=\"wp-block-paragraph\">Dijo que ya hay denuncias en contra de estas personas que prestan dinero pero luego extorsionan a quienes acudieron a ellos y les quitan incluso viviendas o autom\u00f3viles.\u00a0<\/p>\n\n\n\n<blockquote class=\"wp-block-quote is-layout-flow wp-block-quote-is-layout-flow\"><p>\u201cCon respecto a algunas personas que se dicen ser colombianos, es que ten\u00edan un mecanismo de pr\u00e9stamo expedito a las personas y luego las extorsionaban y con ese pretexto les arrebataban propiedades, carros, cosas y eso nos lleg\u00f3 como denuncias, empezamos a proceder y vamos tras la banda\u201d.\u00a0<\/p><\/blockquote>\n\n\n\n<p class=\"wp-block-paragraph\">Pero descart\u00f3 que esta informaci\u00f3n est\u00e9 relacionada con la desaparici\u00f3n de Jos\u00e9 Naul Orozco Betancourt de 30 a\u00f1os, que desapreci\u00f3 el pasado 24 de octubre en el puerto de Veracruz.\u00a0<\/p>\n\n\n\n<p class=\"wp-block-paragraph\">Pidi\u00f3 a los familiares aportar toda la informaci\u00f3n que pueda tener a la Fiscal\u00eda General de Veracruz para que se incluyan en las investigaciones sobre este y otros casos. \u00a0<\/p>\n","protected":false},"excerpt":{"rendered":"<p>Sam Ojeda\u00a0| NV Noticias Xalapa.- El gobernador Cuitl\u00e1huac Garc\u00eda Jim\u00e9nez se\u00f1al\u00f3 que en Veracruz hay bandas de \u201ccolombianos\u201d que se dedican a otorgar pr\u00e9stamos econ\u00f3micos y luego extorsionan a sus v\u00edctimas.\u00a0 Dijo que ya hay denuncias en contra de estas personas que prestan dinero pero luego extorsionan a quienes acudieron a ellos y les quitan [&hellip;]<\/p>\n","protected":false},"author":7,"featured_media":30450,"comment_status":"open","ping_status":"open","sticky":false,"template":"","format":"standard","meta":{"_monsterinsights_skip_tracking":false,"footnotes":""},"categories":[156],"tags":[6700,965,5172,7094,2369],"class_list":["post-30448","post","type-post","status-publish","format-standard","has-post-thumbnail","hentry","category-estado","tag-colombianos","tag-cuitlahuac-garcia-jimenez","tag-extorsiones","tag-prestamos","tag-victimas","wp-image-borders"],"amp_enabled":true,"_links":{"self":[{"href":"https:\/\/nvnoticias.mx\/index.php\/wp-json\/wp\/v2\/posts\/30448","targetHints":{"allow":["GET"]}}],"collection":[{"href":"https:\/\/nvnoticias.mx\/index.php\/wp-json\/wp\/v2\/posts"}],"about":[{"href":"https:\/\/nvnoticias.mx\/index.php\/wp-json\/wp\/v2\/types\/post"}],"author":[{"embeddable":true,"href":"https:\/\/nvnoticias.mx\/index.php\/wp-json\/wp\/v2\/users\/7"}],"replies":[{"embeddable":true,"href":"https:\/\/nvnoticias.mx\/index.php\/wp-json\/wp\/v2\/comments?post=30448"}],"version-history":[{"count":1,"href":"https:\/\/nvnoticias.mx\/index.php\/wp-json\/wp\/v2\/posts\/30448\/revisions"}],"predecessor-version":[{"id":30451,"href":"https:\/\/nvnoticias.mx\/index.php\/wp-json\/wp\/v2\/posts\/30448\/revisions\/30451"}],"wp:featuredmedia":[{"embeddable":true,"href":"https:\/\/nvnoticias.mx\/index.php\/wp-json\/wp\/v2\/media\/30450"}],"wp:attachment":[{"href":"https:\/\/nvnoticias.mx\/index.php\/wp-json\/wp\/v2\/media?parent=30448"}],"wp:term":[{"taxonomy":"category","embeddable":true,"href":"https:\/\/nvnoticias.mx\/index.php\/wp-json\/wp\/v2\/categories?post=30448"},{"taxonomy":"post_tag","embeddable":true,"href":"https:\/\/nvnoticias.mx\/index.php\/wp-json\/wp\/v2\/tags?post=30448"}],"curies":[{"name":"wp","href":"https:\/\/api.w.org\/{rel}","templated":true}]}}