{"id":30335,"date":"2021-11-10T13:01:34","date_gmt":"2021-11-10T19:01:34","guid":{"rendered":"https:\/\/nvnoticias.mx\/?p=30335"},"modified":"2021-11-10T13:01:35","modified_gmt":"2021-11-10T19:01:35","slug":"empresarios-veracruzanos-dan-inicio-al-buen-fin","status":"publish","type":"post","link":"https:\/\/nvnoticias.mx\/index.php\/2021\/11\/10\/empresarios-veracruzanos-dan-inicio-al-buen-fin\/","title":{"rendered":"Empresarios veracruzanos dan inicio al Buen Fin"},"content":{"rendered":"\n<p><strong>Jes\u00fas Utrilla | NV Noticias <\/strong><\/p>\n\n\n\n<p>Veracruz, Ver. El Buen Fin generar\u00e1 cerca de 990 millones de pesos en derrama econ\u00f3mica en 16 municipios de la regi\u00f3n, incluidos Veracruz y Boca del R\u00edo.<\/p>\n\n\n\n<p>Jos\u00e9 Antonio Mendoza Garc\u00eda, presidente de la C\u00e1mara Nacional de Comercio en la zona conurbada, mencion\u00f3 que participar\u00e1n 11 mil establecimientos quienes ofrecer\u00e1n descuentos del 10 al 50 por ciento. <\/p>\n\n\n\n<blockquote class=\"wp-block-quote is-layout-flow wp-block-quote-is-layout-flow\"><p>\u201cSe espera la participaci\u00f3n de 11 mil comercios en la zona que ofrezcan descuentos que van del 10 al 50 por ciento. El Buen Fin est\u00e1 considerado por los que integramos las 256 c\u00e1maras nacionales en el pa\u00eds como el inicio del retorno de la econom\u00eda nacional\u201d.<\/p><\/blockquote>\n\n\n\n<p>Empresarios veracruzanos realizaron el corte de list\u00f3n del programa en el Z\u00f3calo de la ciudad de Veracruz. A nivel nacional el flujo de recursos ser\u00e1 de al menos 239 mil millones de pesos. Con el esquema se espera acelerar la recuperaci\u00f3n econ\u00f3mica del pa\u00eds, luego de las afectaciones que gener\u00f3 el coronavirus, sobre todo durante 2020.<\/p>\n\n\n\n<blockquote class=\"wp-block-quote is-layout-flow wp-block-quote-is-layout-flow\"><p>\u201cSabemos que no es f\u00e1cil la recuperaci\u00f3n pero conocemos la calidad y fortaleza de los comerciantes y empresarios, quienes as\u00ed como los personas del sector salud a quienes reconocemos por salvar vidas. Los empresarios tambi\u00e9n hacen gala de hero\u00edsmo y se mantienen erguidos ante esta pandemia de Covid 19 que nos ha lastimado a todos\u201d.<\/p><\/blockquote>\n\n\n\n<p>El Buen Fin permanecer\u00e1 vigente hasta el 16 de noviembre.<\/p>\n\n\n\n<p><\/p>\n","protected":false},"excerpt":{"rendered":"<p>Jes\u00fas Utrilla | NV Noticias Veracruz, Ver. El Buen Fin generar\u00e1 cerca de 990 millones de pesos en derrama econ\u00f3mica en 16 municipios de la regi\u00f3n, incluidos Veracruz y Boca del R\u00edo. Jos\u00e9 Antonio Mendoza Garc\u00eda, presidente de la C\u00e1mara Nacional de Comercio en la zona conurbada, mencion\u00f3 que participar\u00e1n 11 mil establecimientos quienes ofrecer\u00e1n [&hellip;]<\/p>\n","protected":false},"author":35,"featured_media":30336,"comment_status":"open","ping_status":"open","sticky":false,"template":"","format":"standard","meta":{"_monsterinsights_skip_tracking":false,"_monsterinsights_sitenote_active":false,"_monsterinsights_sitenote_note":"","_monsterinsights_sitenote_category":0,"footnotes":""},"categories":[154],"tags":[6261,162],"class_list":["post-30335","post","type-post","status-publish","format-standard","has-post-thumbnail","hentry","category-veracruz","tag-buen-fin","tag-portada","wp-image-borders"],"amp_enabled":true,"_links":{"self":[{"href":"https:\/\/nvnoticias.mx\/index.php\/wp-json\/wp\/v2\/posts\/30335","targetHints":{"allow":["GET"]}}],"collection":[{"href":"https:\/\/nvnoticias.mx\/index.php\/wp-json\/wp\/v2\/posts"}],"about":[{"href":"https:\/\/nvnoticias.mx\/index.php\/wp-json\/wp\/v2\/types\/post"}],"author":[{"embeddable":true,"href":"https:\/\/nvnoticias.mx\/index.php\/wp-json\/wp\/v2\/users\/35"}],"replies":[{"embeddable":true,"href":"https:\/\/nvnoticias.mx\/index.php\/wp-json\/wp\/v2\/comments?post=30335"}],"version-history":[{"count":1,"href":"https:\/\/nvnoticias.mx\/index.php\/wp-json\/wp\/v2\/posts\/30335\/revisions"}],"predecessor-version":[{"id":30337,"href":"https:\/\/nvnoticias.mx\/index.php\/wp-json\/wp\/v2\/posts\/30335\/revisions\/30337"}],"wp:featuredmedia":[{"embeddable":true,"href":"https:\/\/nvnoticias.mx\/index.php\/wp-json\/wp\/v2\/media\/30336"}],"wp:attachment":[{"href":"https:\/\/nvnoticias.mx\/index.php\/wp-json\/wp\/v2\/media?parent=30335"}],"wp:term":[{"taxonomy":"category","embeddable":true,"href":"https:\/\/nvnoticias.mx\/index.php\/wp-json\/wp\/v2\/categories?post=30335"},{"taxonomy":"post_tag","embeddable":true,"href":"https:\/\/nvnoticias.mx\/index.php\/wp-json\/wp\/v2\/tags?post=30335"}],"curies":[{"name":"wp","href":"https:\/\/api.w.org\/{rel}","templated":true}]}}