{"id":30251,"date":"2021-11-09T14:34:01","date_gmt":"2021-11-09T20:34:01","guid":{"rendered":"https:\/\/nvnoticias.mx\/?p=30251"},"modified":"2021-11-09T14:38:08","modified_gmt":"2021-11-09T20:38:08","slug":"por-buen-fin-esperan-ocupacion-hotelera-superior-al-70-por-ciento","status":"publish","type":"post","link":"https:\/\/nvnoticias.mx\/index.php\/2021\/11\/09\/por-buen-fin-esperan-ocupacion-hotelera-superior-al-70-por-ciento\/","title":{"rendered":"Por Buen Fin esperan ocupaci\u00f3n hotelera superior al 70 por ciento"},"content":{"rendered":"\n<p><strong>Jes\u00fas Utrilla | NV Noticias<\/strong><\/p>\n\n\n\n<p>Veracruz. \u2013 Por el Buen Fin se espera una ocupaci\u00f3n hotelera superior al 70 por ciento en la ciudad de Veracruz, afirm\u00f3 el director de Turismo, Jos\u00e9 Antonio Salvatori Arjona.<\/p>\n\n\n\n<p>Dijo que habr\u00e1 actividades tendientes a motivar el consumo lo que se reflejar\u00e1 en una derrama econ\u00f3mica considerable.<\/p>\n\n\n\n<p>Se llevar\u00e1 a cabo la Expo Feria Canaco \u201cEl Buen Fin\u201d, en el z\u00f3calo de la ciudad, donde locales y turistas conocer\u00e1n diversos descuentos y promociones en todo tipo de art\u00edculos y negocios.<\/p>\n\n\n\n<blockquote class=\"wp-block-quote is-layout-flow wp-block-quote-is-layout-flow\"><p>\u201cEllos esperan de viernes y de s\u00e1bado, una afluencia a lo mejor de un 75 por ciento, de 70 a 75 por ciento en ocupaci\u00f3n hotelera, que significa eso, eso significa que habr\u00e1 gente en la zona conurbada y que estos generar\u00e1n una derrama econ\u00f3mica importante a un sector que ha sido vulnerable como ha sido el comerciante y el restaurantero\u201d.<\/p><\/blockquote>\n\n\n\n<p>Se mantendr\u00e1 el programa Independencia Peatonal, pero adem\u00e1s se desarrollar\u00e1n talleres y presentaciones art\u00edsticas en el z\u00f3calo de la ciudad, los callejones y plazuelas.<\/p>\n\n\n\n<p>El funcionario municipal tambi\u00e9n invit\u00f3 a la exposici\u00f3n fotogr\u00e1fica de \u201cLas Altas Monta\u00f1as\u201d, en el z\u00f3calo y a la exposici\u00f3n en el Museo de la Ciudad, \u201cEl arte del puro\u201d, tra\u00edda desde de San Andr\u00e9s Tuxtla.<\/p>\n\n\n\n<p>Finalmente dijo que ya preparan un programa m\u00e1s robusto para el mes de diciembre, aunque por el momento puede confirmar el Festival del Vino que organiza CANIRAC en la avenida Mart\u00ed, y el Marat\u00f3n de Veracruz.<\/p>\n","protected":false},"excerpt":{"rendered":"<p>Jes\u00fas Utrilla | NV Noticias Veracruz. \u2013 Por el Buen Fin se espera una ocupaci\u00f3n hotelera superior al 70 por ciento en la ciudad de Veracruz, afirm\u00f3 el director de Turismo, Jos\u00e9 Antonio Salvatori Arjona. Dijo que habr\u00e1 actividades tendientes a motivar el consumo lo que se reflejar\u00e1 en una derrama econ\u00f3mica considerable. Se llevar\u00e1 [&hellip;]<\/p>\n","protected":false},"author":6,"featured_media":7747,"comment_status":"open","ping_status":"open","sticky":false,"template":"","format":"standard","meta":{"_monsterinsights_skip_tracking":false,"_monsterinsights_sitenote_active":false,"_monsterinsights_sitenote_note":"","_monsterinsights_sitenote_category":0,"footnotes":""},"categories":[154],"tags":[6261,2873],"class_list":["post-30251","post","type-post","status-publish","format-standard","has-post-thumbnail","hentry","category-veracruz","tag-buen-fin","tag-ocupacion-hotelera","wp-image-borders"],"amp_enabled":true,"_links":{"self":[{"href":"https:\/\/nvnoticias.mx\/index.php\/wp-json\/wp\/v2\/posts\/30251","targetHints":{"allow":["GET"]}}],"collection":[{"href":"https:\/\/nvnoticias.mx\/index.php\/wp-json\/wp\/v2\/posts"}],"about":[{"href":"https:\/\/nvnoticias.mx\/index.php\/wp-json\/wp\/v2\/types\/post"}],"author":[{"embeddable":true,"href":"https:\/\/nvnoticias.mx\/index.php\/wp-json\/wp\/v2\/users\/6"}],"replies":[{"embeddable":true,"href":"https:\/\/nvnoticias.mx\/index.php\/wp-json\/wp\/v2\/comments?post=30251"}],"version-history":[{"count":1,"href":"https:\/\/nvnoticias.mx\/index.php\/wp-json\/wp\/v2\/posts\/30251\/revisions"}],"predecessor-version":[{"id":30253,"href":"https:\/\/nvnoticias.mx\/index.php\/wp-json\/wp\/v2\/posts\/30251\/revisions\/30253"}],"wp:featuredmedia":[{"embeddable":true,"href":"https:\/\/nvnoticias.mx\/index.php\/wp-json\/wp\/v2\/media\/7747"}],"wp:attachment":[{"href":"https:\/\/nvnoticias.mx\/index.php\/wp-json\/wp\/v2\/media?parent=30251"}],"wp:term":[{"taxonomy":"category","embeddable":true,"href":"https:\/\/nvnoticias.mx\/index.php\/wp-json\/wp\/v2\/categories?post=30251"},{"taxonomy":"post_tag","embeddable":true,"href":"https:\/\/nvnoticias.mx\/index.php\/wp-json\/wp\/v2\/tags?post=30251"}],"curies":[{"name":"wp","href":"https:\/\/api.w.org\/{rel}","templated":true}]}}