{"id":30131,"date":"2021-11-08T19:00:16","date_gmt":"2021-11-09T01:00:16","guid":{"rendered":"https:\/\/nvnoticias.mx\/?p=30131"},"modified":"2021-11-08T19:00:17","modified_gmt":"2021-11-09T01:00:17","slug":"imss-se-suma-a-vacunacion-contra-la-influenza-en-poblacion-blanco-y-con-factores-de-riesgo","status":"publish","type":"post","link":"https:\/\/nvnoticias.mx\/index.php\/2021\/11\/08\/imss-se-suma-a-vacunacion-contra-la-influenza-en-poblacion-blanco-y-con-factores-de-riesgo\/","title":{"rendered":"IMSS se suma a vacunaci\u00f3n contra la influenza en poblaci\u00f3n blanco y con factores de riesgo"},"content":{"rendered":"\n<p>El Instituto Mexicano del Seguro Social (IMSS) se suma a la Campa\u00f1a Nacional de Vacunaci\u00f3n contra la Influenza e inicia la inmunizaci\u00f3n en poblaci\u00f3n blanco: ni\u00f1as y ni\u00f1os de seis meses a cuatro a\u00f1os 11 meses y personas adultas de 60 a\u00f1os y m\u00e1s; as\u00ed como personas con factores de riesgo: personal de salud, mujeres embarazadas y en lactancia, y poblaci\u00f3n de cinco a 59 a\u00f1os con enfermedades cr\u00f3nicas como diabetes mellitus en descontrol, VIH, obesidad m\u00f3rbida, cardiopat\u00edas, c\u00e1ncer, entre otras enfermedades que disminuyen la respuesta inmunol\u00f3gica.<\/p>\n\n\n\n<p>El doctor Juan Carlos Mart\u00ednez Vivar, coordinador de Programas M\u00e9dicos de la Divisi\u00f3n de Prevenci\u00f3n y Detecci\u00f3n de Enfermedades, se\u00f1al\u00f3 que la instituci\u00f3n dispondr\u00e1 de m\u00e1s de 15 millones de dosis para vacunar a la poblaci\u00f3n que acude a las unidades m\u00e9dicas del R\u00e9gimen Ordinario y de IMSS-BIENESTAR.<\/p>\n\n\n\n<blockquote class=\"wp-block-quote is-layout-flow wp-block-quote-is-layout-flow\"><p>\u201cVamos en alianza con todas las instituciones de salud p\u00fablicas para vacunar a las poblaci\u00f3n m\u00e1s vulnerable a esta enfermedad, todos seguimos un mismo lineamiento y es muy importante que trabajemos de forma conjunta para otorgar esta intervenci\u00f3n con mayor oportunidad\u201d, resalt\u00f3.<\/p><\/blockquote>\n\n\n\n<p>Explic\u00f3 que a partir de la aplicaci\u00f3n de la vacuna la respuesta inmunitaria tarda de 15 a 20 d\u00edas en desencadenar respuesta protectora, por lo cual la invitaci\u00f3n es acudir en este mes de noviembre y \u201crecibir protecci\u00f3n de manera oportuna, ya que la circulaci\u00f3n del virus es inminente y aumenta la incidencia de casos al comenzar los meses de diciembre y enero\u201d.<\/p>\n\n\n\n<p>El doctor Mart\u00ednez Vivar destac\u00f3 que en este esfuerzo institucional se cuenta con la participaci\u00f3n de m\u00e1s de seis mil enfermeras, enfermeros y otras categor\u00edas del personal de salud.<\/p>\n\n\n\n<p>Detall\u00f3 que se instalaron m\u00f3dulos en m\u00e1s de mil 600 Unidades de Medicina Familiar para la aplicaci\u00f3n de las dosis anti-influenza en un horario de 8:00 a 20:00 horas de lunes a viernes, y en fines de semana en aquellas que tienen actividad s\u00e1bados y domingos.<\/p>\n\n\n\n<blockquote class=\"wp-block-quote is-layout-flow wp-block-quote-is-layout-flow\"><p>\u201cTambi\u00e9n estaremos colocando m\u00f3dulos m\u00f3viles a las afueras de unidades m\u00e9dicas, acudiremos a guarder\u00edas, empresas y escuelas, con la finalidad de vacunar a personas con factores de riesgo, y a colocar puestos semifijos en plazas p\u00fablicas para avanzar lo m\u00e1s pronto posible\u201d, a\u00f1adi\u00f3.<\/p><\/blockquote>\n\n\n\n<p>Apunt\u00f3 que la pol\u00edtica de vacunaci\u00f3n es universal, \u201cvamos a vacunar tambi\u00e9n a no derechohabientes, para ello tenemos m\u00f3dulos semifijos a las entradas de las unidades m\u00e9dicas y a los derechohabientes la vacunaci\u00f3n anti-influenza est\u00e1 incluida en el paquete de acciones PrevenIMSS. Es recomendable que acudan con su Cartilla Nacional de Salud\u201d.<\/p>\n\n\n\n<p>El coordinador de Programas M\u00e9dicos del IMSS hizo un llamado a no bajar la guardia y a\u00fan con la vacuna contra la influenza y la COVID-19, mantener las medidas de higiene y seguridad como sana distancia, lavado de manos con agua y jab\u00f3n o uso de alcohol gel, portar correctamente el cubrebocas, acudir de forma oportuna al m\u00e9dico ante s\u00edntomas de enfermedad respiratoria.<\/p>\n\n\n\n<p>Explic\u00f3 que las personas que en d\u00edas recientes recibieron la inmunizaci\u00f3n contra el virus SARS-CoV-2 o est\u00e1n por acudir por primera o segunda dosis, pueden recibir la dosis contra influenza de forma simult\u00e1nea o incluso al d\u00eda siguiente, \u201cse ha comprobado que es seguro aplicar las dos vacunas a\u00fan en un intervalo corto de tiempo\u201d.<\/p>\n\n\n\n<p>El doctor Mart\u00ednez Vivar a\u00f1adi\u00f3 que en todas las unidades m\u00e9dicas y m\u00f3dulos del Seguro Social se cumplen con los protocolos de seguridad para evitar contagios de enfermedades respiratorias.<\/p>\n\n\n\n<p>Subray\u00f3 que si horas o d\u00edas despu\u00e9s de la vacunaci\u00f3n contra influenza alguna persona presenta molestias o enrojecimiento en el sitio de aplicaci\u00f3n, dolor de cabeza o malestar general, pueden tomar alg\u00fan analg\u00e9sico del tipo paracetamol, pero si los s\u00edntomas persisten o se incrementan es recomendable que acudan a valoraci\u00f3n m\u00e9dica con su comprobante de vacunaci\u00f3n.<\/p>\n","protected":false},"excerpt":{"rendered":"<p>El Instituto Mexicano del Seguro Social (IMSS) se suma a la Campa\u00f1a Nacional de Vacunaci\u00f3n contra la Influenza e inicia la inmunizaci\u00f3n en poblaci\u00f3n blanco: ni\u00f1as y ni\u00f1os de seis meses a cuatro a\u00f1os 11 meses y personas adultas de 60 a\u00f1os y m\u00e1s; as\u00ed como personas con factores de riesgo: personal de salud, mujeres [&hellip;]<\/p>\n","protected":false},"author":7,"featured_media":30132,"comment_status":"open","ping_status":"open","sticky":false,"template":"","format":"standard","meta":{"_monsterinsights_skip_tracking":false,"_monsterinsights_sitenote_active":false,"_monsterinsights_sitenote_note":"","_monsterinsights_sitenote_category":0,"footnotes":""},"categories":[157],"tags":[365,6356,162,809],"class_list":["post-30131","post","type-post","status-publish","format-standard","has-post-thumbnail","hentry","category-nacional","tag-imss","tag-influenza","tag-portada","tag-vacunacion","wp-image-borders"],"amp_enabled":true,"_links":{"self":[{"href":"https:\/\/nvnoticias.mx\/index.php\/wp-json\/wp\/v2\/posts\/30131","targetHints":{"allow":["GET"]}}],"collection":[{"href":"https:\/\/nvnoticias.mx\/index.php\/wp-json\/wp\/v2\/posts"}],"about":[{"href":"https:\/\/nvnoticias.mx\/index.php\/wp-json\/wp\/v2\/types\/post"}],"author":[{"embeddable":true,"href":"https:\/\/nvnoticias.mx\/index.php\/wp-json\/wp\/v2\/users\/7"}],"replies":[{"embeddable":true,"href":"https:\/\/nvnoticias.mx\/index.php\/wp-json\/wp\/v2\/comments?post=30131"}],"version-history":[{"count":1,"href":"https:\/\/nvnoticias.mx\/index.php\/wp-json\/wp\/v2\/posts\/30131\/revisions"}],"predecessor-version":[{"id":30133,"href":"https:\/\/nvnoticias.mx\/index.php\/wp-json\/wp\/v2\/posts\/30131\/revisions\/30133"}],"wp:featuredmedia":[{"embeddable":true,"href":"https:\/\/nvnoticias.mx\/index.php\/wp-json\/wp\/v2\/media\/30132"}],"wp:attachment":[{"href":"https:\/\/nvnoticias.mx\/index.php\/wp-json\/wp\/v2\/media?parent=30131"}],"wp:term":[{"taxonomy":"category","embeddable":true,"href":"https:\/\/nvnoticias.mx\/index.php\/wp-json\/wp\/v2\/categories?post=30131"},{"taxonomy":"post_tag","embeddable":true,"href":"https:\/\/nvnoticias.mx\/index.php\/wp-json\/wp\/v2\/tags?post=30131"}],"curies":[{"name":"wp","href":"https:\/\/api.w.org\/{rel}","templated":true}]}}