{"id":30127,"date":"2021-11-08T15:39:28","date_gmt":"2021-11-08T21:39:28","guid":{"rendered":"https:\/\/nvnoticias.mx\/?p=30127"},"modified":"2021-11-08T15:39:29","modified_gmt":"2021-11-08T21:39:29","slug":"preve-ops-que-haya-nueva-ola-de-covid-en-mexico","status":"publish","type":"post","link":"https:\/\/nvnoticias.mx\/index.php\/2021\/11\/08\/preve-ops-que-haya-nueva-ola-de-covid-en-mexico\/","title":{"rendered":"Prev\u00e9 OPS que haya nueva ola de covid en M\u00e9xico"},"content":{"rendered":"\n<p>La\u00a0Organizaci\u00f3n Panamericana de la Salud (OPS) alert\u00f3 que es &#8220;altamente probable&#8221; que en M\u00e9xico haya una nueva ola de casos de covid-19 entre noviembre y diciembre, esto debido a que\u00a0aunque todo el pa\u00eds est\u00e1 en sem\u00e1foro en verde, hay m\u00e1s de 20 mil casos activos. <\/p>\n\n\n\n<p>\u201cEn noviembre y diciembre es altamente probable que haya una ola\u201d, explic\u00f3\u00a0Cristian Morales, representante de la organizaci\u00f3n en M\u00e9xico. <\/p>\n\n\n\n<p>Asimismo, previ\u00f3 que en las pr\u00f3ximas dos o tres semanas, M\u00e9xico ver\u00e1 el efecto que tendr\u00e1n la celebraci\u00f3n de eventos masivos como el Desfile del D\u00eda de Muertos y el Gran Premio de M\u00e9xico de la F\u00f3rmula 1. <\/p>\n\n\n\n<blockquote class=\"wp-block-quote is-layout-flow wp-block-quote-is-layout-flow\"><p>\u201cLa Fiesta del D\u00eda de Muertos, eventos como la F\u00f3rmula 1 este fin de semana, son altamente complejos. Veremos, en las pr\u00f3ximas dos o tres semanas, si la poblaci\u00f3n sigui\u00f3 las consignas de sana distancia, uso de cubrebocas, lavado de manos frecuente y dem\u00e1s medidas no farmacol\u00f3gicas que nos permite restringir la infecci\u00f3n por SARS-CoV-2&#8243;, alert\u00f3. <\/p><\/blockquote>\n\n\n\n<blockquote class=\"wp-block-quote is-layout-flow wp-block-quote-is-layout-flow\"><p>\u201cIncluso si se logra no generar o contener un brote, recordemos que a pesar de que el sem\u00e1foro epidemiol\u00f3gico de riesgo est\u00e1 en la mayor parte del pa\u00eds en verde, hay m\u00e1s de 20 mil casos activos y diciembre y enero, periodo invernal, es altamente probable que enfrentemos una nueva ola de covid-19\u201d, dijo tras referir que el 2022 estar\u00e1 marcado por nuevas olas de covid-19. <\/p><\/blockquote>\n\n\n\n<p>En M\u00e9xico, explic\u00f3 que el SARS-CoV-2 sigue circulando en el pa\u00eds y ser\u00e1 dentro de dos o tres semanas cuando se detecte si en dichos eventos complejos y masivos se mantuvieron medidas de prevenci\u00f3n e higiene altamente efectivas, como el uso de cubrebocas, de mascarilla y distanciamiento social, uso de gel y lavado de manos. <\/p>\n\n\n\n<p>Morales refiri\u00f3 que de los m\u00e1s de 250 millones de casos de covid-19 y de las m\u00e1s de 5 millones de muertes en el mundo, el 38 y 46 por ciento, respectivamente, se concentran en la regi\u00f3n de las Am\u00e9ricas. <\/p>\n\n\n\n<p>Fuente: Milenio<\/p>\n","protected":false},"excerpt":{"rendered":"<p>La\u00a0Organizaci\u00f3n Panamericana de la Salud (OPS) alert\u00f3 que es &#8220;altamente probable&#8221; que en M\u00e9xico haya una nueva ola de casos de covid-19 entre noviembre y diciembre, esto debido a que\u00a0aunque todo el pa\u00eds est\u00e1 en sem\u00e1foro en verde, hay m\u00e1s de 20 mil casos activos. \u201cEn noviembre y diciembre es altamente probable que haya una [&hellip;]<\/p>\n","protected":false},"author":6,"featured_media":18258,"comment_status":"open","ping_status":"open","sticky":false,"template":"","format":"standard","meta":{"_monsterinsights_skip_tracking":false,"_monsterinsights_sitenote_active":false,"_monsterinsights_sitenote_note":"","_monsterinsights_sitenote_category":0,"footnotes":""},"categories":[181],"tags":[175,2726],"class_list":["post-30127","post","type-post","status-publish","format-standard","has-post-thumbnail","hentry","category-internacional","tag-covid-19","tag-ops","wp-image-borders"],"amp_enabled":true,"_links":{"self":[{"href":"https:\/\/nvnoticias.mx\/index.php\/wp-json\/wp\/v2\/posts\/30127","targetHints":{"allow":["GET"]}}],"collection":[{"href":"https:\/\/nvnoticias.mx\/index.php\/wp-json\/wp\/v2\/posts"}],"about":[{"href":"https:\/\/nvnoticias.mx\/index.php\/wp-json\/wp\/v2\/types\/post"}],"author":[{"embeddable":true,"href":"https:\/\/nvnoticias.mx\/index.php\/wp-json\/wp\/v2\/users\/6"}],"replies":[{"embeddable":true,"href":"https:\/\/nvnoticias.mx\/index.php\/wp-json\/wp\/v2\/comments?post=30127"}],"version-history":[{"count":1,"href":"https:\/\/nvnoticias.mx\/index.php\/wp-json\/wp\/v2\/posts\/30127\/revisions"}],"predecessor-version":[{"id":30128,"href":"https:\/\/nvnoticias.mx\/index.php\/wp-json\/wp\/v2\/posts\/30127\/revisions\/30128"}],"wp:featuredmedia":[{"embeddable":true,"href":"https:\/\/nvnoticias.mx\/index.php\/wp-json\/wp\/v2\/media\/18258"}],"wp:attachment":[{"href":"https:\/\/nvnoticias.mx\/index.php\/wp-json\/wp\/v2\/media?parent=30127"}],"wp:term":[{"taxonomy":"category","embeddable":true,"href":"https:\/\/nvnoticias.mx\/index.php\/wp-json\/wp\/v2\/categories?post=30127"},{"taxonomy":"post_tag","embeddable":true,"href":"https:\/\/nvnoticias.mx\/index.php\/wp-json\/wp\/v2\/tags?post=30127"}],"curies":[{"name":"wp","href":"https:\/\/api.w.org\/{rel}","templated":true}]}}